{"id":26436,"date":"2025-09-15T11:11:33","date_gmt":"2025-09-15T14:11:33","guid":{"rendered":"https:\/\/diariorepublica.com.ar\/web\/?p=26436"},"modified":"2025-09-15T11:11:34","modified_gmt":"2025-09-15T14:11:34","slug":"nuevo-parte-medico-de-thiago-medina-estable","status":"publish","type":"post","link":"https:\/\/diariorepublica.com.ar\/web\/index.php\/espectaculos\/2025\/09\/15\/nuevo-parte-medico-de-thiago-medina-estable\/","title":{"rendered":"Nuevo parte m\u00e9dico de Thiago Medina: \u201cEstable\u00bb"},"content":{"rendered":"<p><strong>Thiago Medina<\/strong>\u00a0contin\u00faa luchando por su vida en el Hospital Mariano y Luciano de la Vega tras sufrir un violento accidente con su moto. El ex Gran Hermano fue derivado de urgencia y se encuentra en terapia intensiva con pron\u00f3stico reservado.<\/p>\n<p>Seg\u00fan inform\u00f3 el periodista de espect\u00e1culos\u00a0<strong>Fede Bongiorno\u00a0<\/strong>en su cuenta de X, el influencer se encuentra estable.<\/p>\n<p><i><strong>\u00abSigue en terapia intensiva: estable, sin fiebre, con menos medicaci\u00f3n y pron\u00f3stico reservado. El pr\u00f3ximo parte sale a las 18hs\u00bb,\u00a0<\/strong><\/i>indic\u00f3.<\/p>\n<figure class=\"multimedia\" data-html=\"\" data-tadevel-template=\"web\/multimedia\" data-type=\"rich\" data-url=\"https:\/\/twitter.com\/fedeebongiorno\/status\/1967562893572108663\">\n<div class=\"content\"><iframe src=\"https:\/\/alpha-app.tadevel-cdn.com\/hostname\/noticiasargentinas.com\/api\/v1\/sandbox\/PGJsb2NrcXVvdGUgY2xhc3M9InR3aXR0ZXItdHdlZXQiPjxwIGxhbmc9ImVzIiBkaXI9Imx0ciI%2B8J%2BXnu%2B4jyBOdWV2byBwYXJ0ZSBtw6lkaWNvIGRlIFRoaWFnbyBNZWRpbmE8YnI%2BPGJyPlNpZ3VlIGVuIHRlcmFwaWEgaW50ZW5zaXZhOiBlc3RhYmxlLCBzaW4gZmllYnJlLCBjb24gbWVub3MgbWVkaWNhY2nDs24geSBwcm9uw7NzdGljbyByZXNlcnZhZG8uIEVsIHByw7N4aW1vIHBhcnRlIHNhbGUgYSBsYXMgMThocyA8YSBocmVmPSJodHRwczovL3QuY28vS0lPWTVtMWlaaCI%2BcGljLnR3aXR0ZXIuY29tL0tJT1k1bTFpWmg8L2E%2BPC9wPiZtZGFzaDsgZmVmZSAoQGZlZGVlYm9uZ2lvcm5vKSA8YSBocmVmPSJodHRwczovL3R3aXR0ZXIuY29tL2ZlZGVlYm9uZ2lvcm5vL3N0YXR1cy8xOTY3NTYyODkzNTcyMTA4NjYzP3JlZl9zcmM9dHdzcmMlNUV0ZnciPlNlcHRlbWJlciAxNSwgMjAyNTwvYT48L2Jsb2NrcXVvdGU%2BCjxzY3JpcHQgYXN5bmMgc3JjPSJodHRwczovL3BsYXRmb3JtLnR3aXR0ZXIuY29tL3dpZGdldHMuanMiIGNoYXJzZXQ9InV0Zi04Ij48L3NjcmlwdD4KCg%3D%3D?v=7c698c7f18adcf967d7ce430b2fe2d39&amp;s=e8bc2d3919d2718301029c852ba97a7f\" scrolling=\"no\" sandbox=\"allow-scripts allow-forms allow-same-origin allow-popups allow-popups-to-escape-sandbox\" data-mce-fragment=\"1\"><\/iframe><\/div><figcaption class=\"caption\">\n<div class=\"description\">X de fefe<\/div>\n<div class=\"attribution\"><\/div>\n<\/figcaption><\/figure>\n<p>Horas atr\u00e1s,\u00a0<strong>Daniela Celis<\/strong>\u00a0hab\u00eda agradecido en sus redes sociales a todos los que se sumaron a la cadena de oraciones, manifestando que Thiago tuvo una \u201c<strong>leve mejor\u00eda<\/strong>\u201d a comparaci\u00f3n de su pron\u00f3stico del d\u00eda s\u00e1bado.<\/p>\n<p>La ex pareja de Medina se encuentra acompa\u00f1ada por sus amigos de Gran Hermano; Juli Poggio, Nacho Casta\u00f1ares y Marcos Ginocchio.<\/p>\n<p>NA<\/p>\n","protected":false},"excerpt":{"rendered":"<p>Thiago Medina\u00a0contin\u00faa luchando por su vida en el Hospital Mariano y Luciano de la Vega tras sufrir un violento accidente<\/p>\n","protected":false},"author":1,"featured_media":26437,"comment_status":"closed","ping_status":"closed","sticky":false,"template":"","format":"standard","meta":{"footnotes":"","jetpack_publicize_message":"","jetpack_publicize_feature_enabled":true,"jetpack_social_post_already_shared":true,"jetpack_social_options":{"image_generator_settings":{"template":"highway","enabled":false},"version":2}},"categories":[7],"tags":[],"class_list":["post-26436","post","type-post","status-publish","format-standard","has-post-thumbnail","hentry","category-espectaculos"],"jetpack_publicize_connections":[],"_links":{"self":[{"href":"https:\/\/diariorepublica.com.ar\/web\/index.php\/wp-json\/wp\/v2\/posts\/26436"}],"collection":[{"href":"https:\/\/diariorepublica.com.ar\/web\/index.php\/wp-json\/wp\/v2\/posts"}],"about":[{"href":"https:\/\/diariorepublica.com.ar\/web\/index.php\/wp-json\/wp\/v2\/types\/post"}],"author":[{"embeddable":true,"href":"https:\/\/diariorepublica.com.ar\/web\/index.php\/wp-json\/wp\/v2\/users\/1"}],"replies":[{"embeddable":true,"href":"https:\/\/diariorepublica.com.ar\/web\/index.php\/wp-json\/wp\/v2\/comments?post=26436"}],"version-history":[{"count":1,"href":"https:\/\/diariorepublica.com.ar\/web\/index.php\/wp-json\/wp\/v2\/posts\/26436\/revisions"}],"predecessor-version":[{"id":26438,"href":"https:\/\/diariorepublica.com.ar\/web\/index.php\/wp-json\/wp\/v2\/posts\/26436\/revisions\/26438"}],"wp:featuredmedia":[{"embeddable":true,"href":"https:\/\/diariorepublica.com.ar\/web\/index.php\/wp-json\/wp\/v2\/media\/26437"}],"wp:attachment":[{"href":"https:\/\/diariorepublica.com.ar\/web\/index.php\/wp-json\/wp\/v2\/media?parent=26436"}],"wp:term":[{"taxonomy":"category","embeddable":true,"href":"https:\/\/diariorepublica.com.ar\/web\/index.php\/wp-json\/wp\/v2\/categories?post=26436"},{"taxonomy":"post_tag","embeddable":true,"href":"https:\/\/diariorepublica.com.ar\/web\/index.php\/wp-json\/wp\/v2\/tags?post=26436"}],"curies":[{"name":"wp","href":"https:\/\/api.w.org\/{rel}","templated":true}]}}