{"id":26458,"date":"2025-09-16T07:45:00","date_gmt":"2025-09-16T10:45:00","guid":{"rendered":"https:\/\/diariorepublica.com.ar\/web\/?p=26458"},"modified":"2025-09-16T07:36:41","modified_gmt":"2025-09-16T10:36:41","slug":"la-camara-nacional-electoral-dejo-sin-efecto-un-fallo-que-habilitaba-a-cristina-kirchner-a-votar-en-octubre","status":"publish","type":"post","link":"https:\/\/diariorepublica.com.ar\/web\/index.php\/nacionales\/2025\/09\/16\/la-camara-nacional-electoral-dejo-sin-efecto-un-fallo-que-habilitaba-a-cristina-kirchner-a-votar-en-octubre\/","title":{"rendered":"La C\u00e1mara Nacional Electoral dej\u00f3 sin efecto un fallo que habilitaba a Cristina Kirchner a votar en octubre"},"content":{"rendered":"<p class=\"com-paragraph  --capital --s\">La<strong>\u00a0C\u00e1mara Nacional Electoral<\/strong> (CNE) dej\u00f3 sin efecto el fallo de primera instancia del juzgado federal con competencia electoral de R\u00edo Gallegos que hab\u00eda habilitado a <strong>Cristina Kirchner\u00a0<\/strong>a votar en Santa Cruz. Con esta medida, la expresidenta no podr\u00e1 sufragar en las elecciones del 26 de octubre y deber\u00e1 ser excluida del padr\u00f3n.<\/p>\n<p class=\"com-paragraph   --s\">En agosto pasado, un fallo de la jueza federal subrogante\u00a0<strong>Mariel Borruto<\/strong>\u00a0desafi\u00f3 la resoluci\u00f3n de la\u00a0<strong>Corte Suprema de la Naci\u00f3n\u00a0<\/strong>que inhabilit\u00f3 a Cristina Kirchner y declar\u00f3 inconstitucional la prohibici\u00f3n de votar a los condenados, con lo que la mantuvo dentro del padr\u00f3n electoral para las elecciones nacionales del 26 de octubre. La decisi\u00f3n fue apelada por el fiscal federal<strong>\u00a0Julio Z\u00e1rate<\/strong>.<\/p>\n<p class=\"com-paragraph   --s\">Cristina Kirchner, quien cumple condena con prisi\u00f3n domiciliaria en Buenos Aires, no podr\u00eda haberse trasladado a Santa Cruz, pero s\u00ed figurar en el padr\u00f3n electoral en la provincia donde siempre vot\u00f3 desde el regreso de la democracia. Es en ese padr\u00f3n donde ahora la C\u00e1mara resolvi\u00f3 que el juzgado de R\u00edo Gallegos deber\u00e1 proceder a registrar la inhabilitaci\u00f3n solicitada con fundamento en la condena penal.<\/p>\n<p class=\"com-paragraph   --s\">En la resoluci\u00f3n de este lunes, \u00a0la CNE dej\u00f3 sin efecto la decisi\u00f3n que manten\u00eda a Cristina Kirchner en el padr\u00f3n \u201ccon el \u00fanico prop\u00f3sito de que pueda ejercer su sufragio\u201d y orden\u00f3 aplicar la inhabilitaci\u00f3n electoral que sostuvo el Ministerio P\u00fablico Fiscal desde el comienzo de la causa. El fallo lleva la firma de los camaristas\u00a0<strong>Santiago Corcuera<\/strong>,\u00a0<strong>Daniel Bejas<\/strong>\u00a0y\u00a0<strong>Alberto Dalla V\u00eda.<\/strong><\/p>\n","protected":false},"excerpt":{"rendered":"<p>La\u00a0C\u00e1mara Nacional Electoral (CNE) dej\u00f3 sin efecto el fallo de primera instancia del juzgado federal con competencia electoral de R\u00edo<\/p>\n","protected":false},"author":1,"featured_media":26459,"comment_status":"closed","ping_status":"closed","sticky":false,"template":"","format":"standard","meta":{"footnotes":"","jetpack_publicize_message":"","jetpack_publicize_feature_enabled":true,"jetpack_social_post_already_shared":true,"jetpack_social_options":{"image_generator_settings":{"template":"highway","enabled":false},"version":2}},"categories":[4],"tags":[],"class_list":["post-26458","post","type-post","status-publish","format-standard","has-post-thumbnail","hentry","category-nacionales"],"jetpack_publicize_connections":[],"_links":{"self":[{"href":"https:\/\/diariorepublica.com.ar\/web\/index.php\/wp-json\/wp\/v2\/posts\/26458"}],"collection":[{"href":"https:\/\/diariorepublica.com.ar\/web\/index.php\/wp-json\/wp\/v2\/posts"}],"about":[{"href":"https:\/\/diariorepublica.com.ar\/web\/index.php\/wp-json\/wp\/v2\/types\/post"}],"author":[{"embeddable":true,"href":"https:\/\/diariorepublica.com.ar\/web\/index.php\/wp-json\/wp\/v2\/users\/1"}],"replies":[{"embeddable":true,"href":"https:\/\/diariorepublica.com.ar\/web\/index.php\/wp-json\/wp\/v2\/comments?post=26458"}],"version-history":[{"count":1,"href":"https:\/\/diariorepublica.com.ar\/web\/index.php\/wp-json\/wp\/v2\/posts\/26458\/revisions"}],"predecessor-version":[{"id":26460,"href":"https:\/\/diariorepublica.com.ar\/web\/index.php\/wp-json\/wp\/v2\/posts\/26458\/revisions\/26460"}],"wp:featuredmedia":[{"embeddable":true,"href":"https:\/\/diariorepublica.com.ar\/web\/index.php\/wp-json\/wp\/v2\/media\/26459"}],"wp:attachment":[{"href":"https:\/\/diariorepublica.com.ar\/web\/index.php\/wp-json\/wp\/v2\/media?parent=26458"}],"wp:term":[{"taxonomy":"category","embeddable":true,"href":"https:\/\/diariorepublica.com.ar\/web\/index.php\/wp-json\/wp\/v2\/categories?post=26458"},{"taxonomy":"post_tag","embeddable":true,"href":"https:\/\/diariorepublica.com.ar\/web\/index.php\/wp-json\/wp\/v2\/tags?post=26458"}],"curies":[{"name":"wp","href":"https:\/\/api.w.org\/{rel}","templated":true}]}}