{"id":26464,"date":"2025-09-16T07:48:27","date_gmt":"2025-09-16T10:48:27","guid":{"rendered":"https:\/\/diariorepublica.com.ar\/web\/?p=26464"},"modified":"2025-09-16T07:48:29","modified_gmt":"2025-09-16T10:48:29","slug":"donald-trump-aseguro-que-el-segundo-barco-destruido-cerca-de-venezuela-transportaba-cocaina-y-fentanilo","status":"publish","type":"post","link":"https:\/\/diariorepublica.com.ar\/web\/index.php\/internacionales\/2025\/09\/16\/donald-trump-aseguro-que-el-segundo-barco-destruido-cerca-de-venezuela-transportaba-cocaina-y-fentanilo\/","title":{"rendered":"Donald Trump asegur\u00f3 que el segundo barco destruido cerca de Venezuela transportaba coca\u00edna y fentanilo"},"content":{"rendered":"<p class=\"article-body__paragraph\"><b>Donald Trump<\/b>, asegur\u00f3 este lunes que tiene \u201c<b>pruebas<\/b>\u201d de que la segunda supuesta narcolancha atacada en aguas internacionales procedente de\u00a0<b>Venezuela<\/b>\u00a0transportaba \u201c<b>grandes bolsas de coca\u00edna y fentanilo<\/b>\u201d.<\/p>\n<p class=\"article-body__paragraph\">\u201cTenemos pruebas. Todo lo que tienes que hacer es mirar el cargamento que estaba desperdigado por todo el oc\u00e9ano: grandes bolsas de coca\u00edna y fentanilo por todos lados. Adem\u00e1s,\u00a0<b>tenemos evidencia grabada desde donde estaban saliendo<\/b>. Hemos grabado con mucho cuidado, porque sabemos que ustedes ir\u00edan tras nosotros\u201d, indic\u00f3 Trump desde el Despacho Oval.<\/p>\n<figure class=\"base-media-item\">\n<div data-vjs-player=\"true\">\n<div>\u00a0<\/div>\n<\/div>\n<figcaption class=\"base-media-item__fig-caption\"><span class=\"base-media-item__caption\">El ataque de Estados Unidos a un segundo barco venezolano. Cr\u00e9ditos: EFE.<\/span><\/figcaption>\n<\/figure>\n<p class=\"article-body__paragraph\">\u201c<b>Sabemos a la hora que se fueron y de d\u00f3nde salieron, lo que ten\u00edan<\/b>\u201d, se\u00f1al\u00f3 el republicano, quien agreg\u00f3 que tras los dos ataques con proyectiles contra estas peque\u00f1as embarcaciones por parte de la Armada estadounidense \u201c<b>ya no hay barcos en el oc\u00e9ano<\/b>\u201d.<\/p>\n<p class=\"article-body__paragraph\">El mandatario reconoci\u00f3 que el \u201c<b>negocio de la pesca se ver\u00e1 da\u00f1ado<\/b>\u201d, pero consider\u00f3 que eso es necesario para que pare el flujo de\u00a0<b>drogas<\/b>\u00a0a Estados Unidos. \u201cSi fuera un pescador, yo no saldr\u00eda a pescar\u201d, advirti\u00f3 por las sospechas de posibles drogas en la bodega.<\/p>\n<p class=\"article-body__paragraph\">Esta ma\u00f1ana, bajo mis \u00f3rdenes, las Fuerzas Militares de Estados Unidos llevaron a cabo un\u00a0<b>SEGUNDO ataque cin\u00e9tico contra c\u00e1rteles del narcotr\u00e1fico y narcoterroristas<\/b>\u00a0identificados y extraordinariamente violentos, en el \u00e1rea de responsabilidad del Comando Sur\u201d, escribi\u00f3 Trump en la plataforma \u2018<i>Truth Social<\/i>\u2019.<\/p>\n<p class=\"article-body__paragraph\">El presidente estadounidense detall\u00f3 que la embarcaci\u00f3n se encontraba en\u00a0<b>aguas internacionales<\/b>\u00a0transportando drogas y que, durante el ataque,\u00a0<b>murieron tres hombres<\/b>\u00a0de nacionalidad venezolana, a quienes defini\u00f3 como \u2018<b>terroristas<\/b>\u2019.<\/p>\n<figure class=\"base-media-item article-body__image\"><picture class=\"global-picture\"><img decoding=\"async\" class=\"global-image twoxl-167-85 xl-167-85 lg-167-85 md-167-85 sm-167-85 xsm-167-85\" src=\"https:\/\/www.canal26.com\/resizer\/v2\/7MZYGRXUXFA3FAJ7OH5KAFJIQ4.JPG?auth=7c665dec4370f7ff5e3558620078af3e67d5f8241cebe9288455c0bbe417879c&amp;smart=true&amp;width=950&amp;height=484&amp;quality=70\" sizes=\"(min-width: 900px) 950px, (min-width: 700px) 800px, (min-width: 600px) 780px, (min-width: 450px) 600px, (min-width: 320px) 450px, (min-width: 150px) 320px, 150px\" srcset=\"https:\/\/www.canal26.com\/resizer\/v2\/7MZYGRXUXFA3FAJ7OH5KAFJIQ4.JPG?auth=7c665dec4370f7ff5e3558620078af3e67d5f8241cebe9288455c0bbe417879c&amp;smart=true&amp;width=150&amp;height=76&amp;quality=70 150w, https:\/\/www.canal26.com\/resizer\/v2\/7MZYGRXUXFA3FAJ7OH5KAFJIQ4.JPG?auth=7c665dec4370f7ff5e3558620078af3e67d5f8241cebe9288455c0bbe417879c&amp;smart=true&amp;width=320&amp;height=163&amp;quality=70 320w, https:\/\/www.canal26.com\/resizer\/v2\/7MZYGRXUXFA3FAJ7OH5KAFJIQ4.JPG?auth=7c665dec4370f7ff5e3558620078af3e67d5f8241cebe9288455c0bbe417879c&amp;smart=true&amp;width=450&amp;height=229&amp;quality=70 450w, https:\/\/www.canal26.com\/resizer\/v2\/7MZYGRXUXFA3FAJ7OH5KAFJIQ4.JPG?auth=7c665dec4370f7ff5e3558620078af3e67d5f8241cebe9288455c0bbe417879c&amp;smart=true&amp;width=600&amp;height=305&amp;quality=70 600w, https:\/\/www.canal26.com\/resizer\/v2\/7MZYGRXUXFA3FAJ7OH5KAFJIQ4.JPG?auth=7c665dec4370f7ff5e3558620078af3e67d5f8241cebe9288455c0bbe417879c&amp;smart=true&amp;width=780&amp;height=397&amp;quality=70 780w, https:\/\/www.canal26.com\/resizer\/v2\/7MZYGRXUXFA3FAJ7OH5KAFJIQ4.JPG?auth=7c665dec4370f7ff5e3558620078af3e67d5f8241cebe9288455c0bbe417879c&amp;smart=true&amp;width=800&amp;height=407&amp;quality=70 800w, https:\/\/www.canal26.com\/resizer\/v2\/7MZYGRXUXFA3FAJ7OH5KAFJIQ4.JPG?auth=7c665dec4370f7ff5e3558620078af3e67d5f8241cebe9288455c0bbe417879c&amp;smart=true&amp;width=950&amp;height=484&amp;quality=70 950w\" alt=\"\" \/><\/picture>\n<figcaption class=\"base-media-item__fig-caption\"><span class=\"base-media-item__caption\">El segundo ataque a un barco venezolano por parte de Estados Unidos.\u00a0<\/span><span class=\"base-media-item__credit\">Foto: Reuters.<\/span><\/figcaption>\n<\/figure>\n<p class=\"article-body__paragraph\">El republicano agreg\u00f3 que ning\u00fan miembros de las Fuerzas Armadas estadounidense result\u00f3 herido en la operaci\u00f3n.\u201c\u00a1ATENCI\u00d3N! SI TRANSPORTA DROGAS QUE PUEDEN MATAR A ESTADOUNIDENSES,\u00a0<b>\u00a1TE VAMOS A CAZAR!<\/b>\u201c, concluy\u00f3.<\/p>\n<p class=\"article-body__paragraph\">Estados Unidos destruy\u00f3 una primera lancha el pasado\u00a0<b>2 de septiembre<\/b>\u00a0que, seg\u00fan Washington, transportaba drogas y a once presuntos miembros del grupo criminal venezolano\u00a0<b>Tren de Aragua<\/b>, algo que el Gobierno de\u00a0<b>Nicol\u00e1s Maduro<\/b>\u00a0neg\u00f3 rotundamente, adem\u00e1s de condenar el ataque.<\/p>\n\n\n<p><\/p>\n","protected":false},"excerpt":{"rendered":"<p>Donald Trump, asegur\u00f3 este lunes que tiene \u201cpruebas\u201d de que la segunda supuesta narcolancha atacada en aguas internacionales procedente de\u00a0Venezuela\u00a0transportaba<\/p>\n","protected":false},"author":1,"featured_media":26465,"comment_status":"closed","ping_status":"closed","sticky":false,"template":"","format":"standard","meta":{"footnotes":"","jetpack_publicize_message":"","jetpack_publicize_feature_enabled":true,"jetpack_social_post_already_shared":true,"jetpack_social_options":{"image_generator_settings":{"template":"highway","enabled":false},"version":2}},"categories":[6],"tags":[],"class_list":["post-26464","post","type-post","status-publish","format-standard","has-post-thumbnail","hentry","category-internacionales"],"jetpack_publicize_connections":[],"_links":{"self":[{"href":"https:\/\/diariorepublica.com.ar\/web\/index.php\/wp-json\/wp\/v2\/posts\/26464"}],"collection":[{"href":"https:\/\/diariorepublica.com.ar\/web\/index.php\/wp-json\/wp\/v2\/posts"}],"about":[{"href":"https:\/\/diariorepublica.com.ar\/web\/index.php\/wp-json\/wp\/v2\/types\/post"}],"author":[{"embeddable":true,"href":"https:\/\/diariorepublica.com.ar\/web\/index.php\/wp-json\/wp\/v2\/users\/1"}],"replies":[{"embeddable":true,"href":"https:\/\/diariorepublica.com.ar\/web\/index.php\/wp-json\/wp\/v2\/comments?post=26464"}],"version-history":[{"count":1,"href":"https:\/\/diariorepublica.com.ar\/web\/index.php\/wp-json\/wp\/v2\/posts\/26464\/revisions"}],"predecessor-version":[{"id":26466,"href":"https:\/\/diariorepublica.com.ar\/web\/index.php\/wp-json\/wp\/v2\/posts\/26464\/revisions\/26466"}],"wp:featuredmedia":[{"embeddable":true,"href":"https:\/\/diariorepublica.com.ar\/web\/index.php\/wp-json\/wp\/v2\/media\/26465"}],"wp:attachment":[{"href":"https:\/\/diariorepublica.com.ar\/web\/index.php\/wp-json\/wp\/v2\/media?parent=26464"}],"wp:term":[{"taxonomy":"category","embeddable":true,"href":"https:\/\/diariorepublica.com.ar\/web\/index.php\/wp-json\/wp\/v2\/categories?post=26464"},{"taxonomy":"post_tag","embeddable":true,"href":"https:\/\/diariorepublica.com.ar\/web\/index.php\/wp-json\/wp\/v2\/tags?post=26464"}],"curies":[{"name":"wp","href":"https:\/\/api.w.org\/{rel}","templated":true}]}}