{"id":26479,"date":"2025-09-18T06:55:00","date_gmt":"2025-09-18T09:55:00","guid":{"rendered":"https:\/\/diariorepublica.com.ar\/web\/?p=26479"},"modified":"2025-09-18T09:56:38","modified_gmt":"2025-09-18T12:56:38","slug":"villa-parque-chacabuco-ahora-reluce-su-renovada-plaza-1-de-mayo-un-espacio-inclusivo-y-seguro-para-los-vecinos","status":"publish","type":"post","link":"https:\/\/diariorepublica.com.ar\/web\/index.php\/locales\/2025\/09\/18\/villa-parque-chacabuco-ahora-reluce-su-renovada-plaza-1-de-mayo-un-espacio-inclusivo-y-seguro-para-los-vecinos\/","title":{"rendered":"Villa Parque Chacabuco ahora reluce su renovada Plaza 1\u00b0 de Mayo, un espacio inclusivo y seguro para los vecinos"},"content":{"rendered":"<p dir=\"ltr\">El intendente de la Capital, Gustavo Saadi, acompa\u00f1ado por el gobernador Ra\u00fal Jalil y el ministro de Gobierno, Seguridad y Justicia, Fernando Monguillot, inaugur\u00f3 formalmente la Plaza Villa Parque Chacabuco. Tras una completa remodelaci\u00f3n, este espacio verde emblem\u00e1tico se ha transformado en un lugar moderno, inclusivo y accesible, dise\u00f1ado para mejorar la calidad de vida de los vecinos de la zona este.<\/p>\n<p dir=\"ltr\">La renovaci\u00f3n integral de la plaza se centr\u00f3 en la seguridad, funcionalidad e inclusi\u00f3n. Uno de los trabajos m\u00e1s importantes fue la nivelaci\u00f3n del terreno, que requiri\u00f3 el ingreso de 80 a 90 camionadas de tierra para eliminar desniveles y pozos peligrosos. Gracias a esta intervenci\u00f3n, ahora es posible tener una visi\u00f3n completa de la plaza desde cualquiera de sus esquinas, mejorando la vigilancia y la accesibilidad.<\/p>\n<p dir=\"ltr\">Adem\u00e1s, se instal\u00f3 un moderno sistema de iluminaci\u00f3n LED en todo el predio, que aumenta significativamente la seguridad y visibilidad nocturna. Se construyeron nuevas caminer\u00edas perimetrales de hormig\u00f3n peinado y una pista interna para actividades recreativas y deportivas, brindando a los vecinos espacios espec\u00edficos para caminar o correr.<\/p>\n<p dir=\"ltr\">Cabe destacar que, el coraz\u00f3n de la renovaci\u00f3n es el nuevo equipamiento. La plaza cuenta ahora con un sistema de riego por aspersi\u00f3n y por goteo, as\u00ed como con panes de c\u00e9sped, que garantizan el mantenimiento del espacio verde. Se a\u00f1adieron cestos con madera pl\u00e1stica, mesitas materas y bebederos, creando rincones ideales para el descanso y el encuentro familiar, como ya cuentan la mayor\u00eda de los espacios verdes capitalinos.<\/p>\n<p dir=\"ltr\">El sector de juegos fue dise\u00f1ado con un fuerte enfoque en la inclusi\u00f3n. Se incorporaron juegos especiales para ni\u00f1os con TEA (Trastorno del Espectro Autista), y se instal\u00f3 una estructura l\u00fadica con toboganes en forma de tractor, en homenaje al hist\u00f3rico tractor que sol\u00eda ser un \u00edcono del lugar.<\/p>\n<p dir=\"ltr\">En su discurso, el ministro\u00a0Fernando Monguillot\u00a0destac\u00f3 que los vecinos de Villa Parque Chacabuco trabajan unidos, dejando de lado las diferencias pol\u00edticas, y concluy\u00f3 que como el ejemplo de los ni\u00f1os, que juegan sin importar su afiliaci\u00f3n a un equipo o partido, ese es el camino a seguir para construir la uni\u00f3n en Catamarca.<\/p>\n<p dir=\"ltr\">Al tomar la palabra, el intendente\u00a0Gustavo Saadi\u00a0manifest\u00f3\u00a0\u00ab\u2026S\u00e9 que la obra de la plaza demor\u00f3 m\u00e1s de lo debido. Pero s\u00e9 que hubo reclamos y molestias con justa raz\u00f3n. As\u00ed que primero quiero pedirles disculpas a los vecinos y vecinas por esta demora que tuvimos\u00bb, expres\u00f3. El intendente explic\u00f3 que las demoras se debieron a la situaci\u00f3n econ\u00f3mica nacional, la baja de coparticipaci\u00f3n y la quita de fondos, que obligan a recalcular los proyectos.<\/p>\n<p dir=\"ltr\">A pesar de los inconvenientes, Saadi destac\u00f3.\u00a0\u00abM\u00e1s all\u00e1 de todos estos inconvenientes y problemas, venimos con mucha alegr\u00eda y con el alivio de haber cumplido con lo que hab\u00edamos prometido y hoy estamos entregando a los vecinos y vecinas del barrio Villa Parque Chacabuco una plaza absolutamente renovada, segura, verde, iluminada y.\u2026 una plaza llena de vida\u00bb, sostuvo.<\/p>\n<p dir=\"ltr\">El intendente tambi\u00e9n se refiri\u00f3 a la hist\u00f3rica m\u00e1quina vial que formaba parte de la plaza, explicando que se tom\u00f3 la decisi\u00f3n de retirarla por cuestiones de seguridad, ya que representaba un riesgo para los ni\u00f1os. Sin embargo, aclar\u00f3 que la m\u00e1quina est\u00e1 siendo restaurada para ser colocada en el barrio como un elemento visual con valor hist\u00f3rico, pero sin la funci\u00f3n de juego.<\/p>\n<p dir=\"ltr\">En un gesto de participaci\u00f3n ciudadana, Saadi plante\u00f3 a los vecinos el futuro de la casa que funcionaba como residencia del gobernador en el barrio.\u00a0\u00abQuiero que los vecinos y vecinas decidan qu\u00e9 vamos a hacer con esa casa&#8230; hoy tiene que ser de la gente\u00bb, propuso el intendente, invitando a la comunidad a pensar en su utilidad, ya sea como una posta sanitaria o un centro comunitario.<\/p>\n<p dir=\"ltr\">Por su parte, una de las vecinas que tom\u00f3 la palabra, Dra.\u00a0Marcia Lozada Figueroa\u00a0tambi\u00e9n expres\u00f3 su alegr\u00eda y gratitud por la obra: \u201cVuelve a ser un espacio lleno de vida, con m\u00e1s luz y con m\u00e1s seguridad\u201d, afirm\u00f3, y concluy\u00f3 que el espacio es el \u201ccoraz\u00f3n del barrio y al verla llenada nos llena de alegr\u00eda y esperanza e invitar a los vecinos a cuidarla y disfrutar porque es nuestra\u201d.<\/p>\n<p dir=\"ltr\">Finalmente, el intendente Saadi remarc\u00f3 que la obra se pudo concretar gracias al aporte de los propios vecinos a trav\u00e9s de sus contribuciones, y los invit\u00f3 a cuidar este nuevo espacio. \u00abEsta plaza es de ustedes, disfr\u00fatenla, pero tambi\u00e9n ay\u00fadennos a cuidarla\u00bb, concluy\u00f3, agradeciendo al equipo de trabajadores municipales y a la arquitecta Amparo Barrionuevo por su labor para con el dise\u00f1o de este hermoso y renovado espacio verde.<\/p>\n<p dir=\"ltr\">Acompa\u00f1aron al intendente, adem\u00e1s del Gobernador de la Provincia, Ra\u00fal Jalil, el ministro de Gobierno Justicia y Derechos Humanos, Fernando Monguillot, el secretario de Ambiente y Espacio P\u00fablico, Nicol\u00e1s Acu\u00f1a, el diputado provincial Gustavo Aguirre, la diputada Claudia Palladino, el secretario de Urbanismo y Arquitectura Javier Varela, el secretario de Servicios Ciudadanos, Mart\u00edn Barrionuevo, entre otras autoridades provinciales y municipales.<\/p>\n","protected":false},"excerpt":{"rendered":"<p>El intendente de la Capital, Gustavo Saadi, acompa\u00f1ado por el gobernador Ra\u00fal Jalil y el ministro de Gobierno, Seguridad y<\/p>\n","protected":false},"author":1,"featured_media":26480,"comment_status":"closed","ping_status":"closed","sticky":false,"template":"","format":"standard","meta":{"footnotes":"","jetpack_publicize_message":"","jetpack_publicize_feature_enabled":true,"jetpack_social_post_already_shared":true,"jetpack_social_options":{"image_generator_settings":{"template":"highway","enabled":false},"version":2}},"categories":[2],"tags":[],"class_list":["post-26479","post","type-post","status-publish","format-standard","has-post-thumbnail","hentry","category-locales"],"jetpack_publicize_connections":[],"_links":{"self":[{"href":"https:\/\/diariorepublica.com.ar\/web\/index.php\/wp-json\/wp\/v2\/posts\/26479"}],"collection":[{"href":"https:\/\/diariorepublica.com.ar\/web\/index.php\/wp-json\/wp\/v2\/posts"}],"about":[{"href":"https:\/\/diariorepublica.com.ar\/web\/index.php\/wp-json\/wp\/v2\/types\/post"}],"author":[{"embeddable":true,"href":"https:\/\/diariorepublica.com.ar\/web\/index.php\/wp-json\/wp\/v2\/users\/1"}],"replies":[{"embeddable":true,"href":"https:\/\/diariorepublica.com.ar\/web\/index.php\/wp-json\/wp\/v2\/comments?post=26479"}],"version-history":[{"count":1,"href":"https:\/\/diariorepublica.com.ar\/web\/index.php\/wp-json\/wp\/v2\/posts\/26479\/revisions"}],"predecessor-version":[{"id":26481,"href":"https:\/\/diariorepublica.com.ar\/web\/index.php\/wp-json\/wp\/v2\/posts\/26479\/revisions\/26481"}],"wp:featuredmedia":[{"embeddable":true,"href":"https:\/\/diariorepublica.com.ar\/web\/index.php\/wp-json\/wp\/v2\/media\/26480"}],"wp:attachment":[{"href":"https:\/\/diariorepublica.com.ar\/web\/index.php\/wp-json\/wp\/v2\/media?parent=26479"}],"wp:term":[{"taxonomy":"category","embeddable":true,"href":"https:\/\/diariorepublica.com.ar\/web\/index.php\/wp-json\/wp\/v2\/categories?post=26479"},{"taxonomy":"post_tag","embeddable":true,"href":"https:\/\/diariorepublica.com.ar\/web\/index.php\/wp-json\/wp\/v2\/tags?post=26479"}],"curies":[{"name":"wp","href":"https:\/\/api.w.org\/{rel}","templated":true}]}}