{"id":26482,"date":"2025-09-18T00:06:00","date_gmt":"2025-09-18T03:06:00","guid":{"rendered":"https:\/\/diariorepublica.com.ar\/web\/?p=26482"},"modified":"2025-09-18T09:57:39","modified_gmt":"2025-09-18T12:57:39","slug":"el-vicegobernador-dusso-se-reunio-con-el-embajador-argentino-en-china-y-directivos-de-zijin","status":"publish","type":"post","link":"https:\/\/diariorepublica.com.ar\/web\/index.php\/locales\/2025\/09\/18\/el-vicegobernador-dusso-se-reunio-con-el-embajador-argentino-en-china-y-directivos-de-zijin\/","title":{"rendered":"El vicegobernador Dusso se reuni\u00f3 con el embajador argentino en China y directivos de Zijin"},"content":{"rendered":"<p>En su reciente visita a China, el vicegobernador Rub\u00e9n Dusso se reuni\u00f3 junto al embajador argentino en China, Marcelo Su\u00e1rez Salvia, en un encuentro que incluy\u00f3 la presencia de directivos de la empresa Zijin, entre los que se incluy\u00f3 en un momento determinado el propio presidente de la firma asi\u00e1tica, Sr. Chen Jinghe.<\/p>\n<p>La ocasi\u00f3n result\u00f3 oportuna para conversar acerca de las inversiones que la empresa se encuentra realizando en Catamarca, habiendo inaugurado recientemente la nueva planta donde se producir\u00e1n 20.000 toneladas de carbonato de litio al a\u00f1o.<\/p>\n<p>La Inauguraci\u00f3n de esta Planta de Procesos de la empresa Zijin, en su 1ra Etapa, anunciada hace apenas d\u00edas es una obra productiva llevada adelante en tiempo r\u00e9cord con la que Fiambal\u00e1 se destaca en el mapa de la miner\u00eda argentina. Junto al inicio de esta instancia productiva, se puso en marcha adem\u00e1s el punto de partida para las Etapas 2 y 3.<\/p>\n<p>La oportunidad tambi\u00e9n result\u00f3 propicia para continuar un di\u00e1logo acerca de las potencialidades de la provincia de cara a futuras inversiones.<\/p>\n<p>\u201cSe trata de trabajar conjuntamente para lograr m\u00e1s y mejor empleo privado, mayor avance de la tecnolog\u00eda, del desarrollo sustentable, del valor agregado local, intercambios formativos y la integraci\u00f3n log\u00edstica que permitir\u00e1 un salto hist\u00f3rico en la matriz productiva de Catamarca y la regi\u00f3n\u201d, expres\u00f3 al respecto el vicegobernador catamarque\u00f1o.<\/p>\n","protected":false},"excerpt":{"rendered":"<p>En su reciente visita a China, el vicegobernador Rub\u00e9n Dusso se reuni\u00f3 junto al embajador argentino en China, Marcelo Su\u00e1rez<\/p>\n","protected":false},"author":1,"featured_media":26483,"comment_status":"closed","ping_status":"closed","sticky":false,"template":"","format":"standard","meta":{"footnotes":"","jetpack_publicize_message":"","jetpack_publicize_feature_enabled":true,"jetpack_social_post_already_shared":true,"jetpack_social_options":{"image_generator_settings":{"template":"highway","enabled":false},"version":2}},"categories":[2],"tags":[],"class_list":["post-26482","post","type-post","status-publish","format-standard","has-post-thumbnail","hentry","category-locales"],"jetpack_publicize_connections":[],"_links":{"self":[{"href":"https:\/\/diariorepublica.com.ar\/web\/index.php\/wp-json\/wp\/v2\/posts\/26482"}],"collection":[{"href":"https:\/\/diariorepublica.com.ar\/web\/index.php\/wp-json\/wp\/v2\/posts"}],"about":[{"href":"https:\/\/diariorepublica.com.ar\/web\/index.php\/wp-json\/wp\/v2\/types\/post"}],"author":[{"embeddable":true,"href":"https:\/\/diariorepublica.com.ar\/web\/index.php\/wp-json\/wp\/v2\/users\/1"}],"replies":[{"embeddable":true,"href":"https:\/\/diariorepublica.com.ar\/web\/index.php\/wp-json\/wp\/v2\/comments?post=26482"}],"version-history":[{"count":1,"href":"https:\/\/diariorepublica.com.ar\/web\/index.php\/wp-json\/wp\/v2\/posts\/26482\/revisions"}],"predecessor-version":[{"id":26484,"href":"https:\/\/diariorepublica.com.ar\/web\/index.php\/wp-json\/wp\/v2\/posts\/26482\/revisions\/26484"}],"wp:featuredmedia":[{"embeddable":true,"href":"https:\/\/diariorepublica.com.ar\/web\/index.php\/wp-json\/wp\/v2\/media\/26483"}],"wp:attachment":[{"href":"https:\/\/diariorepublica.com.ar\/web\/index.php\/wp-json\/wp\/v2\/media?parent=26482"}],"wp:term":[{"taxonomy":"category","embeddable":true,"href":"https:\/\/diariorepublica.com.ar\/web\/index.php\/wp-json\/wp\/v2\/categories?post=26482"},{"taxonomy":"post_tag","embeddable":true,"href":"https:\/\/diariorepublica.com.ar\/web\/index.php\/wp-json\/wp\/v2\/tags?post=26482"}],"curies":[{"name":"wp","href":"https:\/\/api.w.org\/{rel}","templated":true}]}}