{"id":26485,"date":"2025-09-18T00:08:00","date_gmt":"2025-09-18T03:08:00","guid":{"rendered":"https:\/\/diariorepublica.com.ar\/web\/?p=26485"},"modified":"2025-09-18T09:59:40","modified_gmt":"2025-09-18T12:59:40","slug":"trabajadores-publicos-percibiran-un-bono-especial-de-120-000-en-3-partes","status":"publish","type":"post","link":"https:\/\/diariorepublica.com.ar\/web\/index.php\/politica\/2025\/09\/18\/trabajadores-publicos-percibiran-un-bono-especial-de-120-000-en-3-partes\/","title":{"rendered":"Trabajadores p\u00fablicos percibir\u00e1n un bono especial de $120.000 en 3 partes"},"content":{"rendered":"<p>El gobernador Ra\u00fal Jalil, acompa\u00f1ado de los ministros de Gobierno, Seguridad y Justicia, Fernando Monguillot; de Trabajo, Planificaci\u00f3n y Recursos Humanos, Ver\u00f3nica Soria, y de Integraci\u00f3n Regional, Log\u00edstica y Transporte, Eduardo Andrada, confirm\u00f3 el otorgamiento de una bonificaci\u00f3n especial de $120.000 destinada a todos los trabajadores de la Administraci\u00f3n P\u00fablica Provincial, incluyendo al personal de salud, seguridad y educaci\u00f3n de gesti\u00f3n p\u00fablica y privada de toda la provincia.<\/p>\n<p>El beneficio ser\u00e1 abonado en 3 cuotas de $40.000 junto a los sueldos de septiembre, octubre y noviembre.<\/p>\n<p>El ministro\u00a0<strong>Fernando Monguillot<\/strong>\u00a0destac\u00f3 el esfuerzo realizado para poder otorgar este beneficio en un contexto econ\u00f3mico dif\u00edcil. \u201cEs un logro poder llegar a estas instancias y contar con los recursos necesarios para brindar esta posibilidad a los empleados p\u00fablicos. Sabemos que falta mucho, pero en un contexto nacional donde pr\u00e1cticamente no se otorgan actualizaciones salariales, hemos decidido, con creatividad y responsabilidad, poner estos recursos al servicio del empleo p\u00fablico y que se valore la labor de nuestros trabajadores\u201d, se\u00f1al\u00f3.<\/p>\n<p>Durante el anuncio estuvieron presentes las diputadas Claudia Palladino y Mar\u00eda Argerich, y representantes de todos los gremios estatales.<\/p>\n<p><strong>Horas extras<\/strong><\/p>\n<p>Otro de los beneficios anunciados es la autorizaci\u00f3n de un nuevo cupo de horas extras, que ser\u00e1n asignados en funci\u00f3n de las necesidades de cada ministerio con el objetivo de garantizar un mejor funcionamiento de los servicios del Estado Provincial.<\/p>\n<p><strong>Recategorizaci\u00f3n y concursos<\/strong><\/p>\n<p>Adem\u00e1s, se anunci\u00f3 que, en coordinaci\u00f3n con los gremios que representan a los empleados p\u00fablicos, se avanzar\u00e1 en un instrumento legal para la recategorizaci\u00f3n del Escalaf\u00f3n General, considerando la antig\u00fcedad en la categor\u00eda y la funci\u00f3n desempe\u00f1ada.<\/p>\n<p>Tambi\u00e9n se prev\u00e9 un decreto de confirmaci\u00f3n de categor\u00edas para empleados que subrogan jefaturas de divisi\u00f3n o departamento, con al menos 3 a\u00f1os en la funci\u00f3n y 10 a\u00f1os de antig\u00fcedad en la administraci\u00f3n p\u00fablica.<\/p>\n<p><strong>Docentes<\/strong><\/p>\n<p>En el \u00e1mbito educativo, se abrir\u00e1n concursos para cubrir cargos vacantes de supervisores, as\u00ed como la cobertura de cargos de directores, vicedirectores y secretarios, garantizando as\u00ed la continuidad y fortalecimiento de la gesti\u00f3n escolar.<\/p>\n","protected":false},"excerpt":{"rendered":"<p>El gobernador Ra\u00fal Jalil, acompa\u00f1ado de los ministros de Gobierno, Seguridad y Justicia, Fernando Monguillot; de Trabajo, Planificaci\u00f3n y Recursos<\/p>\n","protected":false},"author":1,"featured_media":26486,"comment_status":"closed","ping_status":"closed","sticky":false,"template":"","format":"standard","meta":{"footnotes":"","jetpack_publicize_message":"","jetpack_publicize_feature_enabled":true,"jetpack_social_post_already_shared":true,"jetpack_social_options":{"image_generator_settings":{"template":"highway","enabled":false},"version":2}},"categories":[12],"tags":[],"class_list":["post-26485","post","type-post","status-publish","format-standard","has-post-thumbnail","hentry","category-politica"],"jetpack_publicize_connections":[],"_links":{"self":[{"href":"https:\/\/diariorepublica.com.ar\/web\/index.php\/wp-json\/wp\/v2\/posts\/26485"}],"collection":[{"href":"https:\/\/diariorepublica.com.ar\/web\/index.php\/wp-json\/wp\/v2\/posts"}],"about":[{"href":"https:\/\/diariorepublica.com.ar\/web\/index.php\/wp-json\/wp\/v2\/types\/post"}],"author":[{"embeddable":true,"href":"https:\/\/diariorepublica.com.ar\/web\/index.php\/wp-json\/wp\/v2\/users\/1"}],"replies":[{"embeddable":true,"href":"https:\/\/diariorepublica.com.ar\/web\/index.php\/wp-json\/wp\/v2\/comments?post=26485"}],"version-history":[{"count":1,"href":"https:\/\/diariorepublica.com.ar\/web\/index.php\/wp-json\/wp\/v2\/posts\/26485\/revisions"}],"predecessor-version":[{"id":26487,"href":"https:\/\/diariorepublica.com.ar\/web\/index.php\/wp-json\/wp\/v2\/posts\/26485\/revisions\/26487"}],"wp:featuredmedia":[{"embeddable":true,"href":"https:\/\/diariorepublica.com.ar\/web\/index.php\/wp-json\/wp\/v2\/media\/26486"}],"wp:attachment":[{"href":"https:\/\/diariorepublica.com.ar\/web\/index.php\/wp-json\/wp\/v2\/media?parent=26485"}],"wp:term":[{"taxonomy":"category","embeddable":true,"href":"https:\/\/diariorepublica.com.ar\/web\/index.php\/wp-json\/wp\/v2\/categories?post=26485"},{"taxonomy":"post_tag","embeddable":true,"href":"https:\/\/diariorepublica.com.ar\/web\/index.php\/wp-json\/wp\/v2\/tags?post=26485"}],"curies":[{"name":"wp","href":"https:\/\/api.w.org\/{rel}","templated":true}]}}