{"id":26536,"date":"2025-09-19T00:54:00","date_gmt":"2025-09-19T03:54:00","guid":{"rendered":"https:\/\/diariorepublica.com.ar\/web\/?p=26536"},"modified":"2025-09-19T07:57:10","modified_gmt":"2025-09-19T10:57:10","slug":"sebastian-driussi-sufrio-un-desgarro-y-se-perdera-el-duelo-de-vuelta-con-palmeiras","status":"publish","type":"post","link":"https:\/\/diariorepublica.com.ar\/web\/index.php\/deportes\/2025\/09\/19\/sebastian-driussi-sufrio-un-desgarro-y-se-perdera-el-duelo-de-vuelta-con-palmeiras\/","title":{"rendered":"Sebasti\u00e1n Driussi sufri\u00f3 un desgarro y se perder\u00e1 el duelo de vuelta con Palmeiras"},"content":{"rendered":"<article id=\"article-post\" class=\"first\">\n<div class=\"cuerpo\" data-twitter-link=\"https:\/\/twitter.com\/intent\/tweet?url=https:\/\/www.diariopopular.com.ar\/c862553&amp;via=poopulardiario&amp;related=Popular&amp;text=\">\n<p><strong>riussi sufri\u00f3 un desgarro en el b\u00edceps femoral izquierdoy ser\u00e1 baja como m\u00ednimo por tres semanas en River.<\/strong>\u00a0De esta manera, el delantero no estar\u00e1 a disposici\u00f3n de Marcelo Gallardo para el partido de vuelta de los cuartos de la Copa Libertadores ante Palmeiras, donde el equipo buscar\u00e1 la remontada despu\u00e9s de perder 2 a 1 la ida.<\/p>\n<\/div>\n<\/article>\n<article id=\"article-post\">\n<div class=\"cuerpo\" data-twitter-link=\"https:\/\/twitter.com\/intent\/tweet?url=https:\/\/www.diariopopular.com.ar\/c862553&amp;via=poopulardiario&amp;related=Popular&amp;text=\">\n<p><strong>El punta de 29 a\u00f1os debi\u00f3 salir reemplazado a los diez minutos del complemento del partido de anoche\u00a0<\/strong>en el Monumental luego de sentir una molestia en su pierna izquierda al realizar un pique para presionar la salida del Verdao. El jugador qued\u00f3 tirado en el campo de juego con gestos de dolor y fastidio luego de su esfuerzo f\u00edsico.<\/p>\n<p><strong>Driussi se perder\u00e1, adem\u00e1s del duelo con Palmeiras en Brasil, los compromisos ante Riestra y Rosario Central por el Torneo Clausura.\u00a0<\/strong>En River manten\u00edan la esperanza de que no se tratara de una lesi\u00f3n de gravedad que lo marginara de la vuelta pero los estudios m\u00e9dicos que se realiz\u00f3 esta tarde confirmaron lo peor.<\/p>\n<p><strong>Con viento a favor, Driussi podr\u00eda regresar luego de la fecha FIFA de octubre, cuando el Millonario reciba a Sarmiento\u00a0<\/strong>de Jun\u00edn el fin de semana del 19 de octubre. Sino, su regreso ser\u00eda en la fecha siguiente ante Talleres en C\u00f3rdoba.<\/p>\n<p><strong>Es la tercera lesi\u00f3n que sufre Driussi en lo que va del a\u00f1o.\u00a0<\/strong>Es que padeci\u00f3 un gran esguince de tobillo ante Urawa Red Diamonds en el Mundial de Clubes por el cual estuvo 66 d\u00edas fuera de las canchas. Y reapareci\u00f3 hace un mes en el segundo tiempo del duelo de ida de los octavos de final de la Copa Libertadores ante Libertad.<\/p>\n<p><strong>Previamente, se hab\u00eda desgarrado el isquiotibial izquierdo en marzo, en la derrota ante Talleres en la Supercopa Internacional<\/strong>. Por este motivo, fue baja durante tres encuentros y regres\u00f3 en el empate ante Rosario Central en el Monumental, 24 d\u00edas despu\u00e9s.<\/p>\n<\/div>\n<\/article>\n","protected":false},"excerpt":{"rendered":"<p>riussi sufri\u00f3 un desgarro en el b\u00edceps femoral izquierdoy ser\u00e1 baja como m\u00ednimo por tres semanas en River.\u00a0De esta manera,<\/p>\n","protected":false},"author":1,"featured_media":26537,"comment_status":"closed","ping_status":"closed","sticky":false,"template":"","format":"standard","meta":{"footnotes":"","jetpack_publicize_message":"","jetpack_publicize_feature_enabled":true,"jetpack_social_post_already_shared":true,"jetpack_social_options":{"image_generator_settings":{"template":"highway","enabled":false},"version":2}},"categories":[9],"tags":[],"class_list":["post-26536","post","type-post","status-publish","format-standard","has-post-thumbnail","hentry","category-deportes"],"jetpack_publicize_connections":[],"_links":{"self":[{"href":"https:\/\/diariorepublica.com.ar\/web\/index.php\/wp-json\/wp\/v2\/posts\/26536"}],"collection":[{"href":"https:\/\/diariorepublica.com.ar\/web\/index.php\/wp-json\/wp\/v2\/posts"}],"about":[{"href":"https:\/\/diariorepublica.com.ar\/web\/index.php\/wp-json\/wp\/v2\/types\/post"}],"author":[{"embeddable":true,"href":"https:\/\/diariorepublica.com.ar\/web\/index.php\/wp-json\/wp\/v2\/users\/1"}],"replies":[{"embeddable":true,"href":"https:\/\/diariorepublica.com.ar\/web\/index.php\/wp-json\/wp\/v2\/comments?post=26536"}],"version-history":[{"count":1,"href":"https:\/\/diariorepublica.com.ar\/web\/index.php\/wp-json\/wp\/v2\/posts\/26536\/revisions"}],"predecessor-version":[{"id":26538,"href":"https:\/\/diariorepublica.com.ar\/web\/index.php\/wp-json\/wp\/v2\/posts\/26536\/revisions\/26538"}],"wp:featuredmedia":[{"embeddable":true,"href":"https:\/\/diariorepublica.com.ar\/web\/index.php\/wp-json\/wp\/v2\/media\/26537"}],"wp:attachment":[{"href":"https:\/\/diariorepublica.com.ar\/web\/index.php\/wp-json\/wp\/v2\/media?parent=26536"}],"wp:term":[{"taxonomy":"category","embeddable":true,"href":"https:\/\/diariorepublica.com.ar\/web\/index.php\/wp-json\/wp\/v2\/categories?post=26536"},{"taxonomy":"post_tag","embeddable":true,"href":"https:\/\/diariorepublica.com.ar\/web\/index.php\/wp-json\/wp\/v2\/tags?post=26536"}],"curies":[{"name":"wp","href":"https:\/\/api.w.org\/{rel}","templated":true}]}}