{"id":26565,"date":"2025-09-22T06:28:00","date_gmt":"2025-09-22T09:28:00","guid":{"rendered":"https:\/\/diariorepublica.com.ar\/web\/?p=26565"},"modified":"2025-09-22T07:29:16","modified_gmt":"2025-09-22T10:29:16","slug":"acuerdan-avanzar-en-un-plan-de-obras-para-andalgala-en-2026","status":"publish","type":"post","link":"https:\/\/diariorepublica.com.ar\/web\/index.php\/sociedad\/2025\/09\/22\/acuerdan-avanzar-en-un-plan-de-obras-para-andalgala-en-2026\/","title":{"rendered":"Acuerdan avanzar en un plan de obras para Andalgal\u00e1 en 2026"},"content":{"rendered":"<p>En el marco de la visita del gobernador Ra\u00fal Jalil a la ciudad de Andalgal\u00e1 para la inauguraci\u00f3n de la pavimentaci\u00f3n de la Ruta Provincial N\u00b047, se rubric\u00f3 un convenio para concretar una serie de obras en el departamento del Oeste.<\/p>\n<p>La r\u00fabrica del acuerdo se realiz\u00f3 entre el ministro de Hacienda y Obras P\u00fablicas, Juan Marchetti, y el intendente de Andalgal\u00e1, Eduardo C\u00f3rdoba. Adem\u00e1s, estuvieron presentes el senador departamental Horacio Guti\u00e9rrez, y el ministro de Gobierno, Seguridad y Justicia, Fernando Monguillot.<\/p>\n<p>El texto establece que, a partir de abril de 2026, los equipos t\u00e9cnicos del gobierno y municipio gestionar\u00e1n la elaboraci\u00f3n y posterior ejecuci\u00f3n de una serie de obras estrat\u00e9gicas.<\/p>\n<p>Algunas de ellas son:<\/p>\n<p>-Construcci\u00f3n del puente en la localidad de Choya.<\/p>\n<p>-Construcci\u00f3n de la Ruta de Circunvalaci\u00f3n de la ciudad de Andalgal\u00e1.<\/p>\n<p>-Ejecuci\u00f3n de asfaltado urbano.<\/p>\n<p>-Ejecuci\u00f3n de asfaltado en la localidad de Villa Vil.<\/p>\n<p>-Restauraci\u00f3n, ampliaci\u00f3n y refuncionalizaci\u00f3n del Museo Arqueol\u00f3gico Samuel Lafone Quevedo.<\/p>\n<p>-Ejecuci\u00f3n de un plan de veredas urbanas.<\/p>\n<p>-Continuidad de obras de agua y cloacas en la ciudad de Andalgal\u00e1.<\/p>\n","protected":false},"excerpt":{"rendered":"<p>En el marco de la visita del gobernador Ra\u00fal Jalil a la ciudad de Andalgal\u00e1 para la inauguraci\u00f3n de la<\/p>\n","protected":false},"author":1,"featured_media":26566,"comment_status":"closed","ping_status":"closed","sticky":false,"template":"","format":"standard","meta":{"footnotes":"","jetpack_publicize_message":"","jetpack_publicize_feature_enabled":true,"jetpack_social_post_already_shared":true,"jetpack_social_options":{"image_generator_settings":{"template":"highway","enabled":false},"version":2}},"categories":[3],"tags":[],"class_list":["post-26565","post","type-post","status-publish","format-standard","has-post-thumbnail","hentry","category-sociedad"],"jetpack_publicize_connections":[],"_links":{"self":[{"href":"https:\/\/diariorepublica.com.ar\/web\/index.php\/wp-json\/wp\/v2\/posts\/26565"}],"collection":[{"href":"https:\/\/diariorepublica.com.ar\/web\/index.php\/wp-json\/wp\/v2\/posts"}],"about":[{"href":"https:\/\/diariorepublica.com.ar\/web\/index.php\/wp-json\/wp\/v2\/types\/post"}],"author":[{"embeddable":true,"href":"https:\/\/diariorepublica.com.ar\/web\/index.php\/wp-json\/wp\/v2\/users\/1"}],"replies":[{"embeddable":true,"href":"https:\/\/diariorepublica.com.ar\/web\/index.php\/wp-json\/wp\/v2\/comments?post=26565"}],"version-history":[{"count":1,"href":"https:\/\/diariorepublica.com.ar\/web\/index.php\/wp-json\/wp\/v2\/posts\/26565\/revisions"}],"predecessor-version":[{"id":26567,"href":"https:\/\/diariorepublica.com.ar\/web\/index.php\/wp-json\/wp\/v2\/posts\/26565\/revisions\/26567"}],"wp:featuredmedia":[{"embeddable":true,"href":"https:\/\/diariorepublica.com.ar\/web\/index.php\/wp-json\/wp\/v2\/media\/26566"}],"wp:attachment":[{"href":"https:\/\/diariorepublica.com.ar\/web\/index.php\/wp-json\/wp\/v2\/media?parent=26565"}],"wp:term":[{"taxonomy":"category","embeddable":true,"href":"https:\/\/diariorepublica.com.ar\/web\/index.php\/wp-json\/wp\/v2\/categories?post=26565"},{"taxonomy":"post_tag","embeddable":true,"href":"https:\/\/diariorepublica.com.ar\/web\/index.php\/wp-json\/wp\/v2\/tags?post=26565"}],"curies":[{"name":"wp","href":"https:\/\/api.w.org\/{rel}","templated":true}]}}