{"id":26574,"date":"2025-09-22T00:35:00","date_gmt":"2025-09-22T03:35:00","guid":{"rendered":"https:\/\/diariorepublica.com.ar\/web\/?p=26574"},"modified":"2025-09-22T07:36:27","modified_gmt":"2025-09-22T10:36:27","slug":"trump-presente-en-el-multitudinario-funeral-de-charlie-kirk","status":"publish","type":"post","link":"https:\/\/diariorepublica.com.ar\/web\/index.php\/internacionales\/2025\/09\/22\/trump-presente-en-el-multitudinario-funeral-de-charlie-kirk\/","title":{"rendered":"Trump, presente en el multitudinario funeral de Charlie Kirk"},"content":{"rendered":"<p><strong>El presidente de Estados Unidos, Donald Trump, se hizo presente este domingo en el funeral del activista de ultraderecha Charlie Kirk, asesinado el 10 de septiembre, que reuni\u00f3 a miles de sus seguidores en el Estadio State Farm de Glendale, Arizona.\u00a0<\/strong><\/p>\n<p><strong>El evento, que honr\u00f3 la memoria del joven, fue un reflejo de su influencia en el movimiento conservador de Estados Unidos.<\/strong><\/p>\n<p>Entre los asistentes se encontraban el presidente\u00a0<strong>\u00a0Trump<\/strong>\u00a0y el vicepresidente\u00a0<strong>J.D. Vance<\/strong>, quienes pronunciar\u00e1n discursos en su honor.<\/p>\n<p>La viuda de Kirk,\u00a0<strong>Erika Kirk<\/strong>, tambi\u00e9n estuvo presente como la nueva directora ejecutiva de\u00a0<strong>Turning Point<\/strong>, la organizaci\u00f3n que promueve principios conservadores y la libertad de expresi\u00f3n, que dirig\u00eda su esposo.<\/p>\n<p>La muerte de Kirk reaviv\u00f3 un intenso debate sobre la seguridad de los activistas y la libertad de expresi\u00f3n en Estados Unidos. La ceremonia, que se celebr\u00f3 en un estadio con capacidad para 63.000 espectadores, se convirti\u00f3 en una plataforma para que sus seguidores y l\u00edderes pol\u00edticos reafirmaran su compromiso con los principios que defend\u00eda Kirk.<\/p>\n","protected":false},"excerpt":{"rendered":"<p>El presidente de Estados Unidos, Donald Trump, se hizo presente este domingo en el funeral del activista de ultraderecha Charlie<\/p>\n","protected":false},"author":1,"featured_media":26575,"comment_status":"closed","ping_status":"closed","sticky":false,"template":"","format":"standard","meta":{"footnotes":"","jetpack_publicize_message":"","jetpack_publicize_feature_enabled":true,"jetpack_social_post_already_shared":true,"jetpack_social_options":{"image_generator_settings":{"template":"highway","enabled":false},"version":2}},"categories":[6],"tags":[],"class_list":["post-26574","post","type-post","status-publish","format-standard","has-post-thumbnail","hentry","category-internacionales"],"jetpack_publicize_connections":[],"_links":{"self":[{"href":"https:\/\/diariorepublica.com.ar\/web\/index.php\/wp-json\/wp\/v2\/posts\/26574"}],"collection":[{"href":"https:\/\/diariorepublica.com.ar\/web\/index.php\/wp-json\/wp\/v2\/posts"}],"about":[{"href":"https:\/\/diariorepublica.com.ar\/web\/index.php\/wp-json\/wp\/v2\/types\/post"}],"author":[{"embeddable":true,"href":"https:\/\/diariorepublica.com.ar\/web\/index.php\/wp-json\/wp\/v2\/users\/1"}],"replies":[{"embeddable":true,"href":"https:\/\/diariorepublica.com.ar\/web\/index.php\/wp-json\/wp\/v2\/comments?post=26574"}],"version-history":[{"count":1,"href":"https:\/\/diariorepublica.com.ar\/web\/index.php\/wp-json\/wp\/v2\/posts\/26574\/revisions"}],"predecessor-version":[{"id":26576,"href":"https:\/\/diariorepublica.com.ar\/web\/index.php\/wp-json\/wp\/v2\/posts\/26574\/revisions\/26576"}],"wp:featuredmedia":[{"embeddable":true,"href":"https:\/\/diariorepublica.com.ar\/web\/index.php\/wp-json\/wp\/v2\/media\/26575"}],"wp:attachment":[{"href":"https:\/\/diariorepublica.com.ar\/web\/index.php\/wp-json\/wp\/v2\/media?parent=26574"}],"wp:term":[{"taxonomy":"category","embeddable":true,"href":"https:\/\/diariorepublica.com.ar\/web\/index.php\/wp-json\/wp\/v2\/categories?post=26574"},{"taxonomy":"post_tag","embeddable":true,"href":"https:\/\/diariorepublica.com.ar\/web\/index.php\/wp-json\/wp\/v2\/tags?post=26574"}],"curies":[{"name":"wp","href":"https:\/\/api.w.org\/{rel}","templated":true}]}}