{"id":2660,"date":"2023-05-10T09:43:08","date_gmt":"2023-05-10T12:43:08","guid":{"rendered":"https:\/\/diariorepublica.com.ar\/web\/?p=2660"},"modified":"2023-05-10T09:43:09","modified_gmt":"2023-05-10T12:43:09","slug":"de-candidaturas-no-hablo","status":"publish","type":"post","link":"https:\/\/diariorepublica.com.ar\/web\/index.php\/politica\/2023\/05\/10\/de-candidaturas-no-hablo\/","title":{"rendered":"\u00abDe candidaturas no hablo\u00bb"},"content":{"rendered":"<p>El intendente de la Capital, Gustavo Saadi, quien estuvo en el barrio La Cruz Negra informando a los vecinos sobre el inicio de obra de cloacas y agua potable, fue consultado sobre los sectores del peronismo que buscan su participaci\u00f3n en unas PASO disputando la candidatura a gobernador. \u201dDe candidaturas no hablo, estamos plenamente dedicados a la gesti\u00f3n, a resolver los problemas de la gente, me quedan seis meses de gesti\u00f3n as\u00ed que hay que trabajar todos los d\u00edas para resolver los problemas\u201d<\/p>\n<p>Finalmente Saadi remarc\u00f3 \u201cLas candidaturas se definen, si mal no recuerdo, el 24 de junio creo que es, no s\u00e9 ni cu\u00e1ndo ni los plazos, pero eso se define en su momento\u201d. As\u00ed, insisti\u00f3 que \u201cahora hay que trabajar para la gente que para eso nos han elegido y hasta el \u00faltimo d\u00eda tenemos que trabajar para mejorar la calidad de vida de la gente\u201d.<\/p>\n","protected":false},"excerpt":{"rendered":"<p>El intendente de la Capital, Gustavo Saadi, quien estuvo en el barrio La Cruz Negra informando a los vecinos sobre<\/p>\n","protected":false},"author":2,"featured_media":2661,"comment_status":"closed","ping_status":"closed","sticky":false,"template":"","format":"standard","meta":{"footnotes":"","jetpack_publicize_message":"","jetpack_publicize_feature_enabled":true,"jetpack_social_post_already_shared":false,"jetpack_social_options":{"image_generator_settings":{"template":"highway","enabled":false},"version":2}},"categories":[12],"tags":[],"class_list":["post-2660","post","type-post","status-publish","format-standard","has-post-thumbnail","hentry","category-politica"],"jetpack_publicize_connections":[],"_links":{"self":[{"href":"https:\/\/diariorepublica.com.ar\/web\/index.php\/wp-json\/wp\/v2\/posts\/2660"}],"collection":[{"href":"https:\/\/diariorepublica.com.ar\/web\/index.php\/wp-json\/wp\/v2\/posts"}],"about":[{"href":"https:\/\/diariorepublica.com.ar\/web\/index.php\/wp-json\/wp\/v2\/types\/post"}],"author":[{"embeddable":true,"href":"https:\/\/diariorepublica.com.ar\/web\/index.php\/wp-json\/wp\/v2\/users\/2"}],"replies":[{"embeddable":true,"href":"https:\/\/diariorepublica.com.ar\/web\/index.php\/wp-json\/wp\/v2\/comments?post=2660"}],"version-history":[{"count":1,"href":"https:\/\/diariorepublica.com.ar\/web\/index.php\/wp-json\/wp\/v2\/posts\/2660\/revisions"}],"predecessor-version":[{"id":2662,"href":"https:\/\/diariorepublica.com.ar\/web\/index.php\/wp-json\/wp\/v2\/posts\/2660\/revisions\/2662"}],"wp:featuredmedia":[{"embeddable":true,"href":"https:\/\/diariorepublica.com.ar\/web\/index.php\/wp-json\/wp\/v2\/media\/2661"}],"wp:attachment":[{"href":"https:\/\/diariorepublica.com.ar\/web\/index.php\/wp-json\/wp\/v2\/media?parent=2660"}],"wp:term":[{"taxonomy":"category","embeddable":true,"href":"https:\/\/diariorepublica.com.ar\/web\/index.php\/wp-json\/wp\/v2\/categories?post=2660"},{"taxonomy":"post_tag","embeddable":true,"href":"https:\/\/diariorepublica.com.ar\/web\/index.php\/wp-json\/wp\/v2\/tags?post=2660"}],"curies":[{"name":"wp","href":"https:\/\/api.w.org\/{rel}","templated":true}]}}