{"id":2670,"date":"2023-05-10T00:03:00","date_gmt":"2023-05-10T03:03:00","guid":{"rendered":"https:\/\/diariorepublica.com.ar\/web\/?p=2670"},"modified":"2023-05-10T10:55:13","modified_gmt":"2023-05-10T13:55:13","slug":"carlos-y-nico-galleguillo-cantaran-en-la-tercera-entrega-de-nuestras-voces","status":"publish","type":"post","link":"https:\/\/diariorepublica.com.ar\/web\/index.php\/locales\/2023\/05\/10\/carlos-y-nico-galleguillo-cantaran-en-la-tercera-entrega-de-nuestras-voces\/","title":{"rendered":"Carlos y Nico Galleguillo cantar\u00e1n en la tercera entrega de Nuestras Voces"},"content":{"rendered":"<p>La Biblioteca del Senado vuelve a llenarse de m\u00fasica con la nueva temporada (2023) del ciclo cultural \u201cNuestras Voces\u201d, organizado desde la Vicegobernaci\u00f3n que conduce Rub\u00e9n Dusso, con la presencia de artistas de cada rinc\u00f3n del amplio territorio catamarque\u00f1o.<\/p>\n<p>La tercera entrega del ciclo cultural Nuestras Voces, presentar\u00e1 este mi\u00e9rcoles 10 de mayo a las 20.00 en la fanpage de Facebook de Senado, el canto de los artistas catamarque\u00f1os Carlos y Nico Galleguillo, con el acompa\u00f1amiento de Ariel Maldonado, ofreciendo su m\u00fasica y su voz como el c\u00e1lido regalo de todo lo que se hace y disfruta en familia.<\/p>\n<p><strong>Sobre Nuestras Voces<\/strong><\/p>\n<p>El ciclo audiovisual de m\u00fasica emitido desde la Biblioteca del Senado, hace un recorrido por la cultura catamarque\u00f1a de la mano de artistas e int\u00e9rpretes que ponen de relieve la significancia que para cada uno tiene la historia y letra de la obra que elige para su presentaci\u00f3n, ya sea desde el canto, la copla, el recitado o la m\u00fasica urbana.<\/p>\n<p>El proyecto producido \u00edntegramente por el equipo de Vicegobernaci\u00f3n, cuenta con representantes pertenecientes a los departamentos de la provincia, proponiendo al p\u00fablico tender un puente entre el arte y su significado, como una unidad de sentido que permite a sonido de la voz permite al sonido de la voz o el instrumento, transportar nada m\u00e1s y nada menos que las huellas de la cultura en un momento tan especial de la historia como el actual.<\/p>\n","protected":false},"excerpt":{"rendered":"<p>La Biblioteca del Senado vuelve a llenarse de m\u00fasica con la nueva temporada (2023) del ciclo cultural \u201cNuestras Voces\u201d, organizado<\/p>\n","protected":false},"author":1,"featured_media":2671,"comment_status":"closed","ping_status":"closed","sticky":false,"template":"","format":"standard","meta":{"footnotes":"","jetpack_publicize_message":"","jetpack_publicize_feature_enabled":true,"jetpack_social_post_already_shared":false,"jetpack_social_options":{"image_generator_settings":{"template":"highway","enabled":false},"version":2}},"categories":[2],"tags":[],"class_list":["post-2670","post","type-post","status-publish","format-standard","has-post-thumbnail","hentry","category-locales"],"jetpack_publicize_connections":[],"_links":{"self":[{"href":"https:\/\/diariorepublica.com.ar\/web\/index.php\/wp-json\/wp\/v2\/posts\/2670"}],"collection":[{"href":"https:\/\/diariorepublica.com.ar\/web\/index.php\/wp-json\/wp\/v2\/posts"}],"about":[{"href":"https:\/\/diariorepublica.com.ar\/web\/index.php\/wp-json\/wp\/v2\/types\/post"}],"author":[{"embeddable":true,"href":"https:\/\/diariorepublica.com.ar\/web\/index.php\/wp-json\/wp\/v2\/users\/1"}],"replies":[{"embeddable":true,"href":"https:\/\/diariorepublica.com.ar\/web\/index.php\/wp-json\/wp\/v2\/comments?post=2670"}],"version-history":[{"count":1,"href":"https:\/\/diariorepublica.com.ar\/web\/index.php\/wp-json\/wp\/v2\/posts\/2670\/revisions"}],"predecessor-version":[{"id":2672,"href":"https:\/\/diariorepublica.com.ar\/web\/index.php\/wp-json\/wp\/v2\/posts\/2670\/revisions\/2672"}],"wp:featuredmedia":[{"embeddable":true,"href":"https:\/\/diariorepublica.com.ar\/web\/index.php\/wp-json\/wp\/v2\/media\/2671"}],"wp:attachment":[{"href":"https:\/\/diariorepublica.com.ar\/web\/index.php\/wp-json\/wp\/v2\/media?parent=2670"}],"wp:term":[{"taxonomy":"category","embeddable":true,"href":"https:\/\/diariorepublica.com.ar\/web\/index.php\/wp-json\/wp\/v2\/categories?post=2670"},{"taxonomy":"post_tag","embeddable":true,"href":"https:\/\/diariorepublica.com.ar\/web\/index.php\/wp-json\/wp\/v2\/tags?post=2670"}],"curies":[{"name":"wp","href":"https:\/\/api.w.org\/{rel}","templated":true}]}}