{"id":26729,"date":"2025-09-26T17:14:17","date_gmt":"2025-09-26T20:14:17","guid":{"rendered":"https:\/\/diariorepublica.com.ar\/web\/?p=26729"},"modified":"2025-09-26T17:14:19","modified_gmt":"2025-09-26T20:14:19","slug":"53-familias-de-valle-viejo-recibieron-sus-viviendas","status":"publish","type":"post","link":"https:\/\/diariorepublica.com.ar\/web\/index.php\/sociedad\/2025\/09\/26\/53-familias-de-valle-viejo-recibieron-sus-viviendas\/","title":{"rendered":"53 familias de Valle Viejo recibieron sus viviendas"},"content":{"rendered":"<p>El sue\u00f1o de la casa propia se hizo realidad para 53 familias de Pozo El Mistol, en el departamento Valle Viejo. El gobernador Ra\u00fal Jalil, junto al ministro de Vivienda y Urbanizaci\u00f3n, Fidel S\u00e1enz, encabez\u00f3 el acto de entrega de las nuevas viviendas sociales.<\/p>\n<p>Estas unidades habitacionales forman parte del Plan Integral de Viviendas, financiado \u00edntegramente con fondos provinciales. Adem\u00e1s, el proyecto incluye obras de urbanizaci\u00f3n como cordones cuneta, veredas y forestaci\u00f3n, que mejorar\u00e1n la infraestructura y la calidad de vida de la comunidad. Las viviendas, gestionadas a trav\u00e9s de la Secretar\u00eda de Vivienda, no implican ning\u00fan costo para las familias beneficiarias.<\/p>\n<p>En el mismo acto, el Instituto Provincial de la Vivienda (IPV) hizo entrega de 119 t\u00edtulos de propiedad a adjudicatarios de distintos barrios de Valle Viejo, regularizando as\u00ed la situaci\u00f3n dominial de numerosas familias.<\/p>\n<p>El gobernador Ra\u00fal Jalil ratific\u00f3 la continuidad de la pol\u00edtica habitacional impulsada por la Provincia, que ya lleva *en lo que va de 2025 entregadas 679 viviendas y soluciones habitacionales* . \u201cVamos a seguir adelante con esta pol\u00edtica de Estado que garantiza m\u00e1s viviendas para las familias catamarque\u00f1as. Estas casas se construyen con el esfuerzo de todos, a trav\u00e9s de convenios que no generan costos para los beneficiarios, y eso nos permite avanzar en inclusi\u00f3n social\u201d, afirm\u00f3.<\/p>\n<p>El ministro Fidel S\u00e1enz destac\u00f3 que garantizar el acceso a la vivienda es un paso fundamental para ofrecer esperanza a las familias. \u201cLo que m\u00e1s necesita una persona humilde es un pedacito de tierra para cultivar sue\u00f1os y tener una perspectiva de vida. Cuando la urgencia diaria es poner un plato de comida en la mesa, resulta muy dif\u00edcil pensar a mediano o largo plazo\u201d, expres\u00f3.<\/p>\n<p>El funcionario se\u00f1al\u00f3 que estas entregas representan \u201cromper un c\u00edrculo de desigualdad\u201d y record\u00f3 que, mientras proyectos nacionales quedaron inconclusos, la Provincia avanz\u00f3 con fondos propios. \u201cHab\u00eda un plan de 105 viviendas con financiamiento nacional del que solo quedaron 20 o 30 plateas abandonadas. En cambio, hoy, con fondos provinciales estamos entregando resultados concretos\u201d.<\/p>\n<p>Participaron del acto la diputada provincial, Mar\u00eda Argerich; el concejal por Valle Viejo, Franco Irama\u00edn; los dirigentes Juan Pablo S\u00e1nchez y Dar\u00edo Ram\u00edrez, entre otras autoridades.<\/p>\n","protected":false},"excerpt":{"rendered":"<p>El sue\u00f1o de la casa propia se hizo realidad para 53 familias de Pozo El Mistol, en el departamento Valle<\/p>\n","protected":false},"author":1,"featured_media":26730,"comment_status":"closed","ping_status":"closed","sticky":false,"template":"","format":"standard","meta":{"footnotes":"","jetpack_publicize_message":"","jetpack_publicize_feature_enabled":true,"jetpack_social_post_already_shared":true,"jetpack_social_options":{"image_generator_settings":{"template":"highway","enabled":false},"version":2}},"categories":[3],"tags":[],"class_list":["post-26729","post","type-post","status-publish","format-standard","has-post-thumbnail","hentry","category-sociedad"],"jetpack_publicize_connections":[],"_links":{"self":[{"href":"https:\/\/diariorepublica.com.ar\/web\/index.php\/wp-json\/wp\/v2\/posts\/26729"}],"collection":[{"href":"https:\/\/diariorepublica.com.ar\/web\/index.php\/wp-json\/wp\/v2\/posts"}],"about":[{"href":"https:\/\/diariorepublica.com.ar\/web\/index.php\/wp-json\/wp\/v2\/types\/post"}],"author":[{"embeddable":true,"href":"https:\/\/diariorepublica.com.ar\/web\/index.php\/wp-json\/wp\/v2\/users\/1"}],"replies":[{"embeddable":true,"href":"https:\/\/diariorepublica.com.ar\/web\/index.php\/wp-json\/wp\/v2\/comments?post=26729"}],"version-history":[{"count":1,"href":"https:\/\/diariorepublica.com.ar\/web\/index.php\/wp-json\/wp\/v2\/posts\/26729\/revisions"}],"predecessor-version":[{"id":26731,"href":"https:\/\/diariorepublica.com.ar\/web\/index.php\/wp-json\/wp\/v2\/posts\/26729\/revisions\/26731"}],"wp:featuredmedia":[{"embeddable":true,"href":"https:\/\/diariorepublica.com.ar\/web\/index.php\/wp-json\/wp\/v2\/media\/26730"}],"wp:attachment":[{"href":"https:\/\/diariorepublica.com.ar\/web\/index.php\/wp-json\/wp\/v2\/media?parent=26729"}],"wp:term":[{"taxonomy":"category","embeddable":true,"href":"https:\/\/diariorepublica.com.ar\/web\/index.php\/wp-json\/wp\/v2\/categories?post=26729"},{"taxonomy":"post_tag","embeddable":true,"href":"https:\/\/diariorepublica.com.ar\/web\/index.php\/wp-json\/wp\/v2\/tags?post=26729"}],"curies":[{"name":"wp","href":"https:\/\/api.w.org\/{rel}","templated":true}]}}