{"id":26741,"date":"2025-09-26T15:22:00","date_gmt":"2025-09-26T18:22:00","guid":{"rendered":"https:\/\/diariorepublica.com.ar\/web\/?p=26741"},"modified":"2025-09-26T17:23:40","modified_gmt":"2025-09-26T20:23:40","slug":"russo-fue-dado-de-alta-pero-aun-no-se-sabe-si-dirigira-ante-defensa-y-justicia","status":"publish","type":"post","link":"https:\/\/diariorepublica.com.ar\/web\/index.php\/deportes\/2025\/09\/26\/russo-fue-dado-de-alta-pero-aun-no-se-sabe-si-dirigira-ante-defensa-y-justicia\/","title":{"rendered":"Russo fue dado de alta pero a\u00fan no se sabe si dirigir\u00e1 ante Defensa y Justicia"},"content":{"rendered":"<p>El entrenador de Boca,\u00a0<strong>Miguel \u00c1ngel Russo, fue dado de alta este viernes tras permanecer internado durante dos d\u00edas de manera provisoria en el sanatorio Fleni de Belgrano\u00a0<\/strong>pero a\u00fan no se sabe si dirigir\u00e1 este s\u00e1bado ante Defensa y Justicia por la d\u00e9cima fecha del Grupo A del Torneo Clausura de la Liga Profesional.<\/p>\n<p>El lunes, el experimentado director t\u00e9cnico\u00a0<strong>asisti\u00f3 al sanatorio a realizarse los correspondientes estudios de rutina y los m\u00e9dicos detectaron que Russo estaba deshidratado y con algunos valores altos de bilirrubina<\/strong>, situaci\u00f3n que motiv\u00f3 que quedara en observaci\u00f3n.<\/p>\n<p>Tras recibir medicaci\u00f3n e hidrataci\u00f3n por medio de suero,<strong>\u00a0el entrenador fue dado de alta por la tarde pero el mi\u00e9rcoles volvi\u00f3 a ser internado\u00a0<\/strong>hasta este viernes que se retir\u00f3 del sanatorio Fleni de Belgrano.<\/p>\n<p>Durante estos dos d\u00edas ausentes,<strong>\u00a0los entrenamientos fueron comandados por los asistentes Claudio \u00dabeda y Juvenal Rodr\u00edguez<\/strong>, con la cabeza puesta en el encuentro de este s\u00e1bado ante\u00a0<strong>Defensa y Justicia por la d\u00e9cima fecha del Torneo Clausura.<\/strong><\/p>\n<p>Con este panorama, la inc\u00f3gnita radica en si\u00a0<strong>Russo estar\u00e1 presente o no en dicho partido que tendr\u00e1 lugar este s\u00e1bado\u00a0<\/strong>a las 19 horas en el estadio Norberto Tomaghello de Florencio Varela,\u00a0<strong>considerando que el clima pronosticado es de lluvia y baja temperatura.<\/strong><\/p>\n<p>NA<\/p>\n","protected":false},"excerpt":{"rendered":"<p>El entrenador de Boca,\u00a0Miguel \u00c1ngel Russo, fue dado de alta este viernes tras permanecer internado durante dos d\u00edas de manera<\/p>\n","protected":false},"author":1,"featured_media":26742,"comment_status":"closed","ping_status":"closed","sticky":false,"template":"","format":"standard","meta":{"footnotes":"","jetpack_publicize_message":"","jetpack_publicize_feature_enabled":true,"jetpack_social_post_already_shared":true,"jetpack_social_options":{"image_generator_settings":{"template":"highway","enabled":false},"version":2}},"categories":[9],"tags":[],"class_list":["post-26741","post","type-post","status-publish","format-standard","has-post-thumbnail","hentry","category-deportes"],"jetpack_publicize_connections":[],"_links":{"self":[{"href":"https:\/\/diariorepublica.com.ar\/web\/index.php\/wp-json\/wp\/v2\/posts\/26741"}],"collection":[{"href":"https:\/\/diariorepublica.com.ar\/web\/index.php\/wp-json\/wp\/v2\/posts"}],"about":[{"href":"https:\/\/diariorepublica.com.ar\/web\/index.php\/wp-json\/wp\/v2\/types\/post"}],"author":[{"embeddable":true,"href":"https:\/\/diariorepublica.com.ar\/web\/index.php\/wp-json\/wp\/v2\/users\/1"}],"replies":[{"embeddable":true,"href":"https:\/\/diariorepublica.com.ar\/web\/index.php\/wp-json\/wp\/v2\/comments?post=26741"}],"version-history":[{"count":1,"href":"https:\/\/diariorepublica.com.ar\/web\/index.php\/wp-json\/wp\/v2\/posts\/26741\/revisions"}],"predecessor-version":[{"id":26743,"href":"https:\/\/diariorepublica.com.ar\/web\/index.php\/wp-json\/wp\/v2\/posts\/26741\/revisions\/26743"}],"wp:featuredmedia":[{"embeddable":true,"href":"https:\/\/diariorepublica.com.ar\/web\/index.php\/wp-json\/wp\/v2\/media\/26742"}],"wp:attachment":[{"href":"https:\/\/diariorepublica.com.ar\/web\/index.php\/wp-json\/wp\/v2\/media?parent=26741"}],"wp:term":[{"taxonomy":"category","embeddable":true,"href":"https:\/\/diariorepublica.com.ar\/web\/index.php\/wp-json\/wp\/v2\/categories?post=26741"},{"taxonomy":"post_tag","embeddable":true,"href":"https:\/\/diariorepublica.com.ar\/web\/index.php\/wp-json\/wp\/v2\/tags?post=26741"}],"curies":[{"name":"wp","href":"https:\/\/api.w.org\/{rel}","templated":true}]}}