{"id":26809,"date":"2025-09-29T16:44:14","date_gmt":"2025-09-29T19:44:14","guid":{"rendered":"https:\/\/diariorepublica.com.ar\/web\/?p=26809"},"modified":"2025-09-29T16:44:17","modified_gmt":"2025-09-29T19:44:17","slug":"marcaton-aumenta-50-el-tope-de-reintegro-para-la-compra-de-alimentos","status":"publish","type":"post","link":"https:\/\/diariorepublica.com.ar\/web\/index.php\/economia\/2025\/09\/29\/marcaton-aumenta-50-el-tope-de-reintegro-para-la-compra-de-alimentos\/","title":{"rendered":"Marcat\u00f3n: aumenta 50% el tope de reintegro para la compra de alimentos"},"content":{"rendered":"<p>El gobernador Ra\u00fal Jalil, acompa\u00f1ado por el ministro de Hacienda y Obras P\u00fablicas, Juan Marchetti, se reuni\u00f3 con el gerente zonal de Banco Naci\u00f3n, Sebasti\u00e1n Riveros, y representantes del sector comercial de Catamarca para anunciar una mejora en el programa \u201cMarcat\u00f3n\u201d destinado a fortalecer el comercio local.<\/p>\n<p>A partir del 1 de octubre, el tope de reintegro en el rubro alimentos pasar\u00e1 de $60.000 a $90.000, beneficiando directamente a las familias catamarque\u00f1as y promoviendo el consumo en los negocios de la provincia.<\/p>\n<p>El encuentro, que tuvo lugar en el CATA (Centro de Arte y Tecnolog\u00eda Aplicada), cont\u00f3 con la participaci\u00f3n de Alejandro Segli, de la Federaci\u00f3n Econ\u00f3mica; Jos\u00e9 Mart\u00ednez, de la C\u00e1mara de Supermercados; y Cintia Galarza, de la Uni\u00f3n Comercial de Catamarca.<\/p>\n<p>Durante la reuni\u00f3n, tambi\u00e9n se adelant\u00f3 que en los pr\u00f3ximos d\u00edas Banco Naci\u00f3n pondr\u00e1 a disposici\u00f3n tarjetas de cr\u00e9ditos para casi 5.000 becados, quienes podr\u00e1n acceder a los beneficios del Marcat\u00f3n y disfrutar de ventajas exclusivas en sus compras. Tambi\u00e9n se recuerda a los usuarios del BNA que se encuentra disponible la habilitaci\u00f3n de las tarjetas a trav\u00e9s de la aplicaci\u00f3n.<\/p>\n<p>Hay que remarcar que, en el resto de los rubros del Marcat\u00f3n, los topes de reintegro se mantienen de la misma manera.<\/p>\n","protected":false},"excerpt":{"rendered":"<p>El gobernador Ra\u00fal Jalil, acompa\u00f1ado por el ministro de Hacienda y Obras P\u00fablicas, Juan Marchetti, se reuni\u00f3 con el gerente<\/p>\n","protected":false},"author":1,"featured_media":26810,"comment_status":"closed","ping_status":"closed","sticky":false,"template":"","format":"standard","meta":{"footnotes":"","jetpack_publicize_message":"","jetpack_publicize_feature_enabled":true,"jetpack_social_post_already_shared":true,"jetpack_social_options":{"image_generator_settings":{"template":"highway","enabled":false},"version":2}},"categories":[5],"tags":[],"class_list":["post-26809","post","type-post","status-publish","format-standard","has-post-thumbnail","hentry","category-economia"],"jetpack_publicize_connections":[],"_links":{"self":[{"href":"https:\/\/diariorepublica.com.ar\/web\/index.php\/wp-json\/wp\/v2\/posts\/26809"}],"collection":[{"href":"https:\/\/diariorepublica.com.ar\/web\/index.php\/wp-json\/wp\/v2\/posts"}],"about":[{"href":"https:\/\/diariorepublica.com.ar\/web\/index.php\/wp-json\/wp\/v2\/types\/post"}],"author":[{"embeddable":true,"href":"https:\/\/diariorepublica.com.ar\/web\/index.php\/wp-json\/wp\/v2\/users\/1"}],"replies":[{"embeddable":true,"href":"https:\/\/diariorepublica.com.ar\/web\/index.php\/wp-json\/wp\/v2\/comments?post=26809"}],"version-history":[{"count":1,"href":"https:\/\/diariorepublica.com.ar\/web\/index.php\/wp-json\/wp\/v2\/posts\/26809\/revisions"}],"predecessor-version":[{"id":26811,"href":"https:\/\/diariorepublica.com.ar\/web\/index.php\/wp-json\/wp\/v2\/posts\/26809\/revisions\/26811"}],"wp:featuredmedia":[{"embeddable":true,"href":"https:\/\/diariorepublica.com.ar\/web\/index.php\/wp-json\/wp\/v2\/media\/26810"}],"wp:attachment":[{"href":"https:\/\/diariorepublica.com.ar\/web\/index.php\/wp-json\/wp\/v2\/media?parent=26809"}],"wp:term":[{"taxonomy":"category","embeddable":true,"href":"https:\/\/diariorepublica.com.ar\/web\/index.php\/wp-json\/wp\/v2\/categories?post=26809"},{"taxonomy":"post_tag","embeddable":true,"href":"https:\/\/diariorepublica.com.ar\/web\/index.php\/wp-json\/wp\/v2\/tags?post=26809"}],"curies":[{"name":"wp","href":"https:\/\/api.w.org\/{rel}","templated":true}]}}