{"id":26812,"date":"2025-09-29T16:46:22","date_gmt":"2025-09-29T19:46:22","guid":{"rendered":"https:\/\/diariorepublica.com.ar\/web\/?p=26812"},"modified":"2025-09-29T16:46:25","modified_gmt":"2025-09-29T19:46:25","slug":"fechas-de-pago-para-la-administracion-publica","status":"publish","type":"post","link":"https:\/\/diariorepublica.com.ar\/web\/index.php\/economia\/2025\/09\/29\/fechas-de-pago-para-la-administracion-publica\/","title":{"rendered":"Fechas de pago para la Administraci\u00f3n P\u00fablica"},"content":{"rendered":"\n<p>El Ministerio de Hacienda y Obra P\u00fablica comunica que los haberes de docentes y empleados p\u00fablicos correspondientes al mes de septiembre de 2025 se acreditar\u00e1n seg\u00fan el siguiente cronograma:<\/p>\n\n\n\n<p>-Martes 7 de octubre: Docentes, todas las terminaciones.<\/p>\n\n\n\n<p>-Mi\u00e9rcoles 8 de octubre: Organismos de la Administraci\u00f3n P\u00fablica Provincial.<\/p>\n\n\n\n<p>En este caso, los haberes ser\u00e1n percibidos con el 3,8% de incremento salarial acordado por el Gobierno de la provincia con los distintos gremios estatales en las \u00faltimas reuniones paritarias (actualizaci\u00f3n bimestral por inflaci\u00f3n), a lo que se sumar\u00e1 la primera de las tres cuotas mensuales de $40.000 del bono especial anunciado por un total de $120.000.<\/p>\n\n\n\n<p>Estas actualizaciones salariales y aportes extraordinarios que hace el Gobierno de la provincia constituyen un significativo esfuerzo financiero del erario p\u00fablico para fortalecer la econom\u00eda de los trabajadores catamarque\u00f1os y sus familias.<\/p>\n\n\n\n<p>Nuevo piso salarial<\/p>\n\n\n\n<p>Asimismo, a partir de este mes, los trabajadores p\u00fablicos tendr\u00e1n un nuevo piso salarial, que ser\u00e1n los siguientes:<\/p>\n\n\n\n<p>-Docentes $650.000<\/p>\n\n\n\n<p>-Organismos de la Administraci\u00f3n P\u00fablica $800.000<\/p>\n\n\n\n<p>-Personal de Seguridad $830.000.<\/p>\n","protected":false},"excerpt":{"rendered":"<p>El Ministerio de Hacienda y Obra P\u00fablica comunica que los haberes de docentes y empleados p\u00fablicos correspondientes al mes de<\/p>\n","protected":false},"author":1,"featured_media":26813,"comment_status":"closed","ping_status":"closed","sticky":false,"template":"","format":"standard","meta":{"footnotes":"","jetpack_publicize_message":"","jetpack_publicize_feature_enabled":true,"jetpack_social_post_already_shared":true,"jetpack_social_options":{"image_generator_settings":{"template":"highway","enabled":false},"version":2}},"categories":[5],"tags":[],"class_list":["post-26812","post","type-post","status-publish","format-standard","has-post-thumbnail","hentry","category-economia"],"jetpack_publicize_connections":[],"_links":{"self":[{"href":"https:\/\/diariorepublica.com.ar\/web\/index.php\/wp-json\/wp\/v2\/posts\/26812"}],"collection":[{"href":"https:\/\/diariorepublica.com.ar\/web\/index.php\/wp-json\/wp\/v2\/posts"}],"about":[{"href":"https:\/\/diariorepublica.com.ar\/web\/index.php\/wp-json\/wp\/v2\/types\/post"}],"author":[{"embeddable":true,"href":"https:\/\/diariorepublica.com.ar\/web\/index.php\/wp-json\/wp\/v2\/users\/1"}],"replies":[{"embeddable":true,"href":"https:\/\/diariorepublica.com.ar\/web\/index.php\/wp-json\/wp\/v2\/comments?post=26812"}],"version-history":[{"count":1,"href":"https:\/\/diariorepublica.com.ar\/web\/index.php\/wp-json\/wp\/v2\/posts\/26812\/revisions"}],"predecessor-version":[{"id":26814,"href":"https:\/\/diariorepublica.com.ar\/web\/index.php\/wp-json\/wp\/v2\/posts\/26812\/revisions\/26814"}],"wp:featuredmedia":[{"embeddable":true,"href":"https:\/\/diariorepublica.com.ar\/web\/index.php\/wp-json\/wp\/v2\/media\/26813"}],"wp:attachment":[{"href":"https:\/\/diariorepublica.com.ar\/web\/index.php\/wp-json\/wp\/v2\/media?parent=26812"}],"wp:term":[{"taxonomy":"category","embeddable":true,"href":"https:\/\/diariorepublica.com.ar\/web\/index.php\/wp-json\/wp\/v2\/categories?post=26812"},{"taxonomy":"post_tag","embeddable":true,"href":"https:\/\/diariorepublica.com.ar\/web\/index.php\/wp-json\/wp\/v2\/tags?post=26812"}],"curies":[{"name":"wp","href":"https:\/\/api.w.org\/{rel}","templated":true}]}}