{"id":26821,"date":"2025-09-29T16:56:28","date_gmt":"2025-09-29T19:56:28","guid":{"rendered":"https:\/\/diariorepublica.com.ar\/web\/?p=26821"},"modified":"2025-09-29T16:56:30","modified_gmt":"2025-09-29T19:56:30","slug":"trump-aseguro-que-benjamin-netanyahu-acepto-el-plan-de-paz-de-eeuu","status":"publish","type":"post","link":"https:\/\/diariorepublica.com.ar\/web\/index.php\/internacionales\/2025\/09\/29\/trump-aseguro-que-benjamin-netanyahu-acepto-el-plan-de-paz-de-eeuu\/","title":{"rendered":"Trump asegur\u00f3 que Benjam\u00edn Netanyahu acept\u00f3 el plan de paz de EEUU"},"content":{"rendered":"<p>El presidente de Estados Unidos, Donald Trump, asegur\u00f3 este lunes que \u201cHabr\u00e1 un alto al fuego\u201d en la Franja de Gaza, tras reunirse con el primer ministro de Israel, Benjam\u00edn Netanyahu.<\/p>\n<p>Trump asegur\u00f3 adem\u00e1s que Netanyahu acept\u00f3 el plan de paz de Estados Unidos para en devastado enclave. El mismo contempla un Gobierno de transici\u00f3n sin Ham\u00e1s supervisado por una junta que presidir\u00eda el propio mandatario o la futura creaci\u00f3n de un Estado palestino<\/p>\n<p>\u201cQuiero agradecer al primer ministro Netanyahu por aceptar el plan y por tener la confianza de que, si trabajamos juntos, podremos poner fin a la muerte y la destrucci\u00f3n que hemos presenciado durante tantos a\u00f1os, d\u00e9cadas e incluso siglos, y as\u00ed dar inicio a una nueva era de seguridad, paz y prosperidad para toda la regi\u00f3n\u201d, dijo el l\u00edder republicano a la prensa posterior a un encuentro con el primer ministro israel\u00ed.<\/p>\n<p>\u201cSi Ham\u00e1s rechaza el acuerdo, lo cual es posible, ser\u00e1n los \u00fanicos en oponerse. Todos los dem\u00e1s lo han aceptado\u201d, a\u00f1adi\u00f3 el presidente estadounidense, que dijo que, en todo caso, tiene la sensaci\u00f3n de que habr\u00e1 \u201cuna respuesta positiva\u201d por parte del grupo islamista.<\/p>\n<p class=\"article-body__paragraph\">\u201cSi no es as\u00ed, como bien sabes, Bibi (diminutivo con el se refiri\u00f3 a Netanyahu), contar\u00e1s con un mayor respaldo para tomar las medidas necesarias\u201d, explic\u00f3 el republicano, que apunt\u00f3 que mantuvo una \u201clarga y dura conversaci\u00f3n\u201d hoy con el l\u00edder israel\u00ed.<\/p>\n<p class=\"article-body__paragraph\">\u201c\u00c9l entiende que ya es hora (de buscar un acuerdo de paz)\u201d, dijo Trump sobre el mandatario israel\u00ed.<\/p>\n<p class=\"article-body__heading-h2\"><strong>C\u00f3mo es el plan de paz de EEUU para la guerra en Gaza<\/strong><\/p>\n<p class=\"article-body__paragraph\">Estos son los 20 puntos:<\/p>\n<ol class=\"article-body__list-ol\">\n<li class=\"article-body__list-item\"><span class=\"article-body__list-span\">Gaza ser\u00e1 una zona libre de terrorismo y no representar\u00e1 una amenaza para Israel.<\/span><\/li>\n<li class=\"article-body__list-item\"><span class=\"article-body__list-span\">Gaza ser\u00e1 reconstruida para beneficio de su pueblo.<\/span><\/li>\n<li class=\"article-body__list-item\"><span class=\"article-body__list-span\">Alto el fuego inmediato y repliegue gradual de las fuerzas israel\u00edes para preparar la liberaci\u00f3n de rehenes.<\/span><\/li>\n<li class=\"article-body__list-item\"><span class=\"article-body__list-span\">Liberaci\u00f3n en 72 horas de todos los rehenes de Ham\u00e1s, tanto vivos como muertos.<\/span><\/li>\n<li class=\"article-body__list-item\"><span class=\"article-body__list-span\">Israel liberar\u00e1 a 250 presos palestinos condenados a cadena perpetua y 1.700 gazat\u00edes detenidos tras los atentados del 7 de octubre.<\/span><\/li>\n<li class=\"article-body__list-item\"><span class=\"article-body__list-span\">Ham\u00e1s se compromete a coexistir pac\u00edficamente y a desarmarse.<\/span><\/li>\n<li class=\"article-body__list-item\"><span class=\"article-body__list-span\">Tras la aceptaci\u00f3n del acuerdo, se enviar\u00e1 toda la ayuda humanitaria necesaria para Gaza.<\/span><\/li>\n<li class=\"article-body__list-item\"><span class=\"article-body__list-span\">La entrada y distribuci\u00f3n de ayuda humanitaria se realizar\u00e1 sin interferencias y a trav\u00e9s de las agencias de Naciones Unidas.<\/span><\/li>\n<li class=\"article-body__list-item\"><span class=\"article-body__list-span\">Gaza ser\u00e1 administrada por un comit\u00e9 tecnocr\u00e1tico supervisado por una \u201cJunta de la Paz\u201d internacional presidida por el propio Trump y que incluir\u00e1 al ex primer minsitro brit\u00e1nico Tony Blair. Una Autoridad Palestina reformada tomar\u00e1 el control posteriormente.<\/span><\/li>\n<li class=\"article-body__list-item\"><span class=\"article-body__list-span\">Se crear\u00e1 un plan de desarrollo econ\u00f3mico para Gaza que atraiga inversiones.<\/span><\/li>\n<li class=\"article-body__list-item\"><span class=\"article-body__list-span\">Se crear\u00e1 una zona econ\u00f3mica especial en Gaza.<\/span><\/li>\n<li class=\"article-body__list-item\"><span class=\"article-body__list-span\">No habr\u00e1 desplazamientos forzosos y quienes se vayan voluntariamente tendr\u00e1n derecho a regresar, aunque \u201cse animar\u00e1 a la gente a quedarse y se les ofrecer\u00e1 la oportunidad de construir una mejor Gaza\u201d.<\/span><\/li>\n<li class=\"article-body__list-item\"><span class=\"article-body__list-span\">Ham\u00e1s y otras facciones no podr\u00e1n gobernar Gaza \u201cni directa, ni indirectamente\u201d y se desmilitarizar\u00e1 la Franja bajo supervisi\u00f3n internacional.<\/span><\/li>\n<li class=\"article-body__list-item\"><span class=\"article-body__list-span\">Pa\u00edses de la regi\u00f3n garantizar\u00e1n que Ham\u00e1s y otros grupos cumplan sus compromisos y que Gaza no represente una \u201camenaza para sus ciudadanos ni vecinos\u201d.<\/span><\/li>\n<li class=\"article-body__list-item\"><span class=\"article-body__list-span\">Se desplegar\u00e1 una Fuerza Internacional de Estabilizaci\u00f3n (ISF), apoyada por EE.UU. y socios \u00e1rabes, para entrenar fuerzas policiales palestinas y mantener la seguridad interna y de fronteras, \u00e1rea en la que cooperar\u00e1n Egipto e Israel.<\/span><\/li>\n<li class=\"article-body__list-item\"><span class=\"article-body__list-span\">Israel no ocupar\u00e1 ni anexar\u00e1 Gaza, se retirar\u00e1 progresivamente para transferir el control a la ISF y mantendr\u00e1 un per\u00edmetro de seguridad si es necesario.<\/span><\/li>\n<li class=\"article-body__list-item\"><span class=\"article-body__list-span\">En caso de que Ham\u00e1s \u201cdemore o rechace\u201d la propuesta, todo lo anterior, se implementar\u00e1 en las zonas \u201clibres de terrorismo\u201d que Israel haya transferido a la ISF.<\/span><\/li>\n<li class=\"article-body__list-item\"><span class=\"article-body__list-span\">Se promover\u00e1 un di\u00e1logo interreligioso para fomentar la tolerancia y la convivencia pac\u00edfica entre palestinos e israel\u00edes.<\/span><\/li>\n<li class=\"article-body__list-item\"><span class=\"article-body__list-span\">Conforme avance la reconstrucci\u00f3n y se cumplan reformas en la Autoridad Palestina, se abrir\u00e1 la posibilidad de la autodeterminaci\u00f3n y la creaci\u00f3n del Estado palestino.<\/span><\/li>\n<li class=\"article-body__list-item\"><span class=\"article-body__list-span\">Estados Unidos establecer\u00e1 un di\u00e1logo entre Israel y Palestina para acordar un horizonte pol\u00edtico que permita una coexistencia pac\u00edfica y pr\u00f3spera.<\/span><\/li>\n<\/ol>\n","protected":false},"excerpt":{"rendered":"<p>El presidente de Estados Unidos, Donald Trump, asegur\u00f3 este lunes que \u201cHabr\u00e1 un alto al fuego\u201d en la Franja de<\/p>\n","protected":false},"author":1,"featured_media":26822,"comment_status":"closed","ping_status":"closed","sticky":false,"template":"","format":"standard","meta":{"footnotes":"","jetpack_publicize_message":"","jetpack_publicize_feature_enabled":true,"jetpack_social_post_already_shared":true,"jetpack_social_options":{"image_generator_settings":{"template":"highway","enabled":false},"version":2}},"categories":[6],"tags":[],"class_list":["post-26821","post","type-post","status-publish","format-standard","has-post-thumbnail","hentry","category-internacionales"],"jetpack_publicize_connections":[],"_links":{"self":[{"href":"https:\/\/diariorepublica.com.ar\/web\/index.php\/wp-json\/wp\/v2\/posts\/26821"}],"collection":[{"href":"https:\/\/diariorepublica.com.ar\/web\/index.php\/wp-json\/wp\/v2\/posts"}],"about":[{"href":"https:\/\/diariorepublica.com.ar\/web\/index.php\/wp-json\/wp\/v2\/types\/post"}],"author":[{"embeddable":true,"href":"https:\/\/diariorepublica.com.ar\/web\/index.php\/wp-json\/wp\/v2\/users\/1"}],"replies":[{"embeddable":true,"href":"https:\/\/diariorepublica.com.ar\/web\/index.php\/wp-json\/wp\/v2\/comments?post=26821"}],"version-history":[{"count":1,"href":"https:\/\/diariorepublica.com.ar\/web\/index.php\/wp-json\/wp\/v2\/posts\/26821\/revisions"}],"predecessor-version":[{"id":26823,"href":"https:\/\/diariorepublica.com.ar\/web\/index.php\/wp-json\/wp\/v2\/posts\/26821\/revisions\/26823"}],"wp:featuredmedia":[{"embeddable":true,"href":"https:\/\/diariorepublica.com.ar\/web\/index.php\/wp-json\/wp\/v2\/media\/26822"}],"wp:attachment":[{"href":"https:\/\/diariorepublica.com.ar\/web\/index.php\/wp-json\/wp\/v2\/media?parent=26821"}],"wp:term":[{"taxonomy":"category","embeddable":true,"href":"https:\/\/diariorepublica.com.ar\/web\/index.php\/wp-json\/wp\/v2\/categories?post=26821"},{"taxonomy":"post_tag","embeddable":true,"href":"https:\/\/diariorepublica.com.ar\/web\/index.php\/wp-json\/wp\/v2\/tags?post=26821"}],"curies":[{"name":"wp","href":"https:\/\/api.w.org\/{rel}","templated":true}]}}