{"id":26854,"date":"2025-09-30T17:08:16","date_gmt":"2025-09-30T20:08:16","guid":{"rendered":"https:\/\/diariorepublica.com.ar\/web\/?p=26854"},"modified":"2025-09-30T17:08:41","modified_gmt":"2025-09-30T20:08:41","slug":"nosotros-tres-oriana-sabatini-y-paulo-dybala-ya-compartieron-la-feliz-noticia-y-se-agranda-la-familia","status":"publish","type":"post","link":"https:\/\/diariorepublica.com.ar\/web\/index.php\/espectaculos\/2025\/09\/30\/nosotros-tres-oriana-sabatini-y-paulo-dybala-ya-compartieron-la-feliz-noticia-y-se-agranda-la-familia\/","title":{"rendered":"\u201cNosotros tres\u201d: Oriana Sabatini y Paulo Dybala ya compartieron la feliz noticia y se agranda la familia"},"content":{"rendered":"<p><strong>Oriana Sabatini y Paulo Dybala compartieron la feliz noticia de la dulce espera de su primer hijo<\/strong>, con un tierno posteo, la influencer revel\u00f3 que est\u00e1 embarazada e indic\u00f3<strong>\u00a0\u201cNosotros tres\u201d,<\/strong>\u00a0entre im\u00e1genes de la dulce espera en el matrimonio primerizo.<\/p>\n<p>En un posteo conjunto, la feliz pareja utiliz\u00f3 como portada una ecograf\u00eda, en la red social Instagram. As\u00ed, con la canci\u00f3n \u201cGood Things Come to Those Who Wait\u201d de Isak Danielson de fondo, el texto junto al video se\u00f1ala:\u00a0<strong>\u201cPrimer posteo de nosotros tres\u201d.<\/strong><\/p>\n<p>Durante el corto se pueden ver los rostros de felicidad del futbolista y de la modelo. Tambi\u00e9n hay escenas de la realizaci\u00f3n del estudio, de Sabatini mientras muestra su pancita y de Dybala sonriente a su lado.<\/p>\n<p>Acto seguido, ambos mostraron un compilado de im\u00e1genes de la ecograf\u00eda en papel. M\u00e1s tarde, la feliz pareja se fundi\u00f3 en un beso r\u00e1pido, Oriana tom\u00f3 la c\u00e1mara y en un grito silencioso, celebr\u00f3:<strong>\u00a0\u201cVamos a ser pap\u00e1s\u201d<\/strong><\/p>\n<p>En menos de una hora, la publicaci\u00f3n super\u00f3 los 516 mil \u201cMe gusta\u201d y la misma influencer tambi\u00e9n poste\u00f3 una historia de la serie animada Danny Phantom, donde el personaje Sam es acompa\u00f1ada por su pareja y ambos est\u00e1n frente a una cuna.<\/p>\n<figure class=\"multimedia\" data-html=\"\" data-tadevel-template=\"web\/multimedia\" data-type=\"rich\" data-url=\"https:\/\/www.instagram.com\/p\/DPPI1TvjDfh\">\n<div class=\"content\"><iframe src=\"https:\/\/alpha-app.tadevel-cdn.com\/hostname\/noticiasargentinas.com\/api\/v1\/sandbox\/PGJsb2NrcXVvdGUgY2xhc3M9Imluc3RhZ3JhbS1tZWRpYSIgZGF0YS1pbnN0Z3JtLXBlcm1hbGluaz0iaHR0cHM6Ly93d3cuaW5zdGFncmFtLmNvbS9yZWVsL0RQUEkxVHZqRGZoLz91dG1fc291cmNlPWlnX2VtYmVkJnV0bV9jYW1wYWlnbj1sb2FkaW5nIiBkYXRhLWluc3Rncm0tdmVyc2lvbj0iMTQiIHN0eWxlPSIgYmFja2dyb3VuZDojRkZGOyBib3JkZXI6MDsgYm9yZGVyLXJhZGl1czozcHg7IGJveC1zaGFkb3c6MCAwIDFweCAwIHJnYmEoMCwwLDAsMC41KSwwIDFweCAxMHB4IDAgcmdiYSgwLDAsMCwwLjE1KTsgbWFyZ2luOiAxcHg7IG1heC13aWR0aDo2NThweDsgbWluLXdpZHRoOjMyNnB4OyBwYWRkaW5nOjA7IHdpZHRoOjk5LjM3NSU7IHdpZHRoOi13ZWJraXQtY2FsYygxMDAlIC0gMnB4KTsgd2lkdGg6Y2FsYygxMDAlIC0gMnB4KTsiPjwvYmxvY2txdW90ZT4KPHNjcmlwdCBhc3luYyBzcmM9Imh0dHBzOi8vd3d3Lmluc3RhZ3JhbS5jb20vZW1iZWQuanMiPjwvc2NyaXB0Pg%3D%3D?v=7fdab28f7e084fa19e02b1b88bf53db9&amp;s=b04af65d0bee861b0dadb806bcbccef2\" scrolling=\"no\" sandbox=\"allow-scripts allow-forms allow-same-origin allow-popups allow-popups-to-escape-sandbox\" data-mce-fragment=\"1\"><\/iframe><\/div>\n<\/figure>\n\n\n<p>NA<\/p>\n","protected":false},"excerpt":{"rendered":"<p>Oriana Sabatini y Paulo Dybala compartieron la feliz noticia de la dulce espera de su primer hijo, con un tierno<\/p>\n","protected":false},"author":1,"featured_media":26855,"comment_status":"closed","ping_status":"closed","sticky":false,"template":"","format":"standard","meta":{"footnotes":"","jetpack_publicize_message":"","jetpack_publicize_feature_enabled":true,"jetpack_social_post_already_shared":true,"jetpack_social_options":{"image_generator_settings":{"template":"highway","enabled":false},"version":2}},"categories":[7],"tags":[],"class_list":["post-26854","post","type-post","status-publish","format-standard","has-post-thumbnail","hentry","category-espectaculos"],"jetpack_publicize_connections":[],"_links":{"self":[{"href":"https:\/\/diariorepublica.com.ar\/web\/index.php\/wp-json\/wp\/v2\/posts\/26854"}],"collection":[{"href":"https:\/\/diariorepublica.com.ar\/web\/index.php\/wp-json\/wp\/v2\/posts"}],"about":[{"href":"https:\/\/diariorepublica.com.ar\/web\/index.php\/wp-json\/wp\/v2\/types\/post"}],"author":[{"embeddable":true,"href":"https:\/\/diariorepublica.com.ar\/web\/index.php\/wp-json\/wp\/v2\/users\/1"}],"replies":[{"embeddable":true,"href":"https:\/\/diariorepublica.com.ar\/web\/index.php\/wp-json\/wp\/v2\/comments?post=26854"}],"version-history":[{"count":2,"href":"https:\/\/diariorepublica.com.ar\/web\/index.php\/wp-json\/wp\/v2\/posts\/26854\/revisions"}],"predecessor-version":[{"id":26857,"href":"https:\/\/diariorepublica.com.ar\/web\/index.php\/wp-json\/wp\/v2\/posts\/26854\/revisions\/26857"}],"wp:featuredmedia":[{"embeddable":true,"href":"https:\/\/diariorepublica.com.ar\/web\/index.php\/wp-json\/wp\/v2\/media\/26855"}],"wp:attachment":[{"href":"https:\/\/diariorepublica.com.ar\/web\/index.php\/wp-json\/wp\/v2\/media?parent=26854"}],"wp:term":[{"taxonomy":"category","embeddable":true,"href":"https:\/\/diariorepublica.com.ar\/web\/index.php\/wp-json\/wp\/v2\/categories?post=26854"},{"taxonomy":"post_tag","embeddable":true,"href":"https:\/\/diariorepublica.com.ar\/web\/index.php\/wp-json\/wp\/v2\/tags?post=26854"}],"curies":[{"name":"wp","href":"https:\/\/api.w.org\/{rel}","templated":true}]}}