{"id":26888,"date":"2025-10-02T11:02:51","date_gmt":"2025-10-02T14:02:51","guid":{"rendered":"https:\/\/diariorepublica.com.ar\/web\/?p=26888"},"modified":"2025-10-02T11:02:53","modified_gmt":"2025-10-02T14:02:53","slug":"bullrich-insistio-en-que-espert-debe-ser-claro-sobre-los-vinculos-narco-tiene-que-volver-a-los-medios-y-contestar-decir-si-o-no","status":"publish","type":"post","link":"https:\/\/diariorepublica.com.ar\/web\/index.php\/nacionales\/2025\/10\/02\/bullrich-insistio-en-que-espert-debe-ser-claro-sobre-los-vinculos-narco-tiene-que-volver-a-los-medios-y-contestar-decir-si-o-no\/","title":{"rendered":"Bullrich insisti\u00f3 en que Espert debe ser claro sobre los v\u00ednculos narco: \u00abTiene que volver a los medios y contestar, decir s\u00ed o no\u00bb"},"content":{"rendered":"<p>En un mano a mano con Antonio Laje en A24, Patricia Bullrich habl\u00f3 sobre el esc\u00e1ndalo que rodea a Jos\u00e9 Luis Espert luego de que un documento de la Justicia de Estados Unidos lo vinculara con una supuesta transferencia de 200.000 d\u00f3lares provenientes del empresario Fred Machado, procesado por estafas, en prisi\u00f3n domiciliaria en Viedma por una causa de narcotr\u00e1fico en Estados Unidos.<\/p>\n<article class=\"article-body\">\n<div class=\"article-content\">\n<div class=\"news-body-paragraph\" data-twitter-link=\"\">\n<p><strong>Bullrich sostuvo que se trata de \u201cuna maniobra oportunista de la oposici\u00f3n\u201d, encabezada por Juan Grabois<\/strong>, para desviar la agenda de campa\u00f1a hacia causas judiciales de vieja data. Sin embargo, marc\u00f3 distancia con Espert y le reclam\u00f3 definiciones:<strong>\u00a0\u201cTiene que volver a los medios y contestar claro, decir s\u00ed o no. El voto liberal exige respuestas\u201d.<\/strong><\/p>\n<\/div>\n<\/div>\n<\/article>\n<article class=\"article-body par-3\">\n<div class=\"article-content\">\n<div class=\"news-body-paragraph\" data-twitter-link=\"\">\n<div id=\"embed84_wrap\" class=\"embed_cont type_freetext\" contenteditable=\"false\">\n<div id=\"embed84_content\" class=\"embed_content\">\n<div id=\"embed84_embed\">\n<div><iframe loading=\"lazy\" title=\"Dailymotion video player \u2013 Patricia Bullrich analiza la pol\u00e9mica por Espert, la campa\u00f1a electoral y el triple crimen narco\" src=\"https:\/\/geo.dailymotion.com\/player\/xx206.html?video=x9rjshk\" width=\"100%\" height=\"100%\" frameborder=\"0\" allowfullscreen=\"allowfullscreen\" data-td-src-property=\"https:\/\/geo.dailymotion.com\/player\/xx206.html?video=x9rjshk\" data-gtm-yt-inspected-14=\"true\" data-mce-fragment=\"1\"><\/iframe><\/div>\n<\/div>\n<\/div>\n<div id=\"embed84_epigrafe\" class=\"embed_epigrafe\"><\/div>\n<\/div>\n<\/div>\n<\/div>\n<\/article>\n<article class=\"article-body par-4\">\n<div class=\"article-content\">\n<div class=\"news-body-paragraph\" data-twitter-link=\"\">\n<p>La ministra defendi\u00f3 al presidente Milei, destac\u00f3 el respaldo del Gabinete en la \u00faltima reuni\u00f3n en Casa Rosada y\u00a0<strong>acus\u00f3 al kirchnerismo de querer instalar la idea de que \u201ctodos son iguales\u201d.<\/strong><\/p>\n<\/div>\n<\/div>\n<\/article>\n<article class=\"article-body par-5\">\n<div class=\"article-content\">\n<div class=\"news-body-paragraph\" data-twitter-link=\"\">\n<p>Sobre la gesti\u00f3n libertaria, asegur\u00f3: \u00abtenemos la vara muy alta\u00bb, y asegur\u00f3 que \u00abel kirchnerismo cuenta un relato que cambia lo que pasa, cuentan lo que quieren contar para que todos seamos lo mismo y no es as\u00ed\u00bb.<\/p>\n<p>\u00abNuestro proyecto se sostiene a pesar de los embates, nos quisieron tirar para atr\u00e1s a nosotros y 45 millones de argentinos\u00bb, agreg\u00f3.<\/p>\n<p>\u201c<strong>Desde el 10 de diciembre del 2023 buscan voltearnos<\/strong>. Buscan erosionar lo que son nuestras columnas vertebrales: la transparencia, la lucha contra la corrupci\u00f3n, achicar el Estado y generar confianza p\u00fablica.\u00a0<strong>Quieren que la gente crea que somos lo mismo que ellos. Pero no lo somos<\/strong>\u201d, dijo.<\/p>\n<p><strong>\u00abSabemos que hay gente que no llega a fin de mes, pero con Massa llegaba menos. Este programa nos va a llevar a un pa\u00eds con prosperidad\u00bb,\u00a0<\/strong>asegur\u00f3.<\/p>\n<p data-start=\"5306\" data-end=\"5613\">\u201cCada vez que logramos avances, nos sacan de la agenda de contacto con la sociedad.\u00a0<strong>Nos hacen hablar de causas, denuncias, expedientes. Y lo que nosotros necesitamos es hablarle a la gente de c\u00f3mo vamos a mejorar sus vidas<\/strong>. Porque la elecci\u00f3n es clave para tener los pr\u00f3ximos dos a\u00f1os de cambios\u201d, se\u00f1al\u00f3.<\/p>\n<p data-start=\"5615\" data-end=\"5864\">Patricia Bullrich advirti\u00f3 que el Gobierno debe mantener el eje en las reformas estructurales:\u00a0<strong>\u201cLa Argentina necesita una reforma laboral, una reforma impositiva y un Estado m\u00e1s chico.<\/strong>\u00a0Esa es la agenda. Todo lo dem\u00e1s son maniobras para sacarnos del eje. Si nos dejamos arrastrar a contestar todo el tiempo, nos sacan de la agenda positiva. Y la elecci\u00f3n se gana con propuestas claras para la gente, no con chicanas judiciales\u201d, a\u00f1adi\u00f3 la ministra.<\/p>\n<p data-start=\"5615\" data-end=\"5864\">a24.com<\/p>\n<\/div>\n<\/div>\n<\/article>\n","protected":false},"excerpt":{"rendered":"<p>En un mano a mano con Antonio Laje en A24, Patricia Bullrich habl\u00f3 sobre el esc\u00e1ndalo que rodea a Jos\u00e9<\/p>\n","protected":false},"author":1,"featured_media":26889,"comment_status":"closed","ping_status":"closed","sticky":false,"template":"","format":"standard","meta":{"footnotes":"","jetpack_publicize_message":"","jetpack_publicize_feature_enabled":true,"jetpack_social_post_already_shared":true,"jetpack_social_options":{"image_generator_settings":{"template":"highway","enabled":false},"version":2}},"categories":[4],"tags":[],"class_list":["post-26888","post","type-post","status-publish","format-standard","has-post-thumbnail","hentry","category-nacionales"],"jetpack_publicize_connections":[],"_links":{"self":[{"href":"https:\/\/diariorepublica.com.ar\/web\/index.php\/wp-json\/wp\/v2\/posts\/26888"}],"collection":[{"href":"https:\/\/diariorepublica.com.ar\/web\/index.php\/wp-json\/wp\/v2\/posts"}],"about":[{"href":"https:\/\/diariorepublica.com.ar\/web\/index.php\/wp-json\/wp\/v2\/types\/post"}],"author":[{"embeddable":true,"href":"https:\/\/diariorepublica.com.ar\/web\/index.php\/wp-json\/wp\/v2\/users\/1"}],"replies":[{"embeddable":true,"href":"https:\/\/diariorepublica.com.ar\/web\/index.php\/wp-json\/wp\/v2\/comments?post=26888"}],"version-history":[{"count":1,"href":"https:\/\/diariorepublica.com.ar\/web\/index.php\/wp-json\/wp\/v2\/posts\/26888\/revisions"}],"predecessor-version":[{"id":26890,"href":"https:\/\/diariorepublica.com.ar\/web\/index.php\/wp-json\/wp\/v2\/posts\/26888\/revisions\/26890"}],"wp:featuredmedia":[{"embeddable":true,"href":"https:\/\/diariorepublica.com.ar\/web\/index.php\/wp-json\/wp\/v2\/media\/26889"}],"wp:attachment":[{"href":"https:\/\/diariorepublica.com.ar\/web\/index.php\/wp-json\/wp\/v2\/media?parent=26888"}],"wp:term":[{"taxonomy":"category","embeddable":true,"href":"https:\/\/diariorepublica.com.ar\/web\/index.php\/wp-json\/wp\/v2\/categories?post=26888"},{"taxonomy":"post_tag","embeddable":true,"href":"https:\/\/diariorepublica.com.ar\/web\/index.php\/wp-json\/wp\/v2\/tags?post=26888"}],"curies":[{"name":"wp","href":"https:\/\/api.w.org\/{rel}","templated":true}]}}