{"id":26912,"date":"2025-10-03T09:25:46","date_gmt":"2025-10-03T12:25:46","guid":{"rendered":"https:\/\/diariorepublica.com.ar\/web\/?p=26912"},"modified":"2025-10-03T09:25:48","modified_gmt":"2025-10-03T12:25:48","slug":"mesa-intermunicipal-de-ambiente-19-municipios-unifican-el-codigo-de-colores-para-la-separacion-de-residuos-en-origen","status":"publish","type":"post","link":"https:\/\/diariorepublica.com.ar\/web\/index.php\/sociedad\/2025\/10\/03\/mesa-intermunicipal-de-ambiente-19-municipios-unifican-el-codigo-de-colores-para-la-separacion-de-residuos-en-origen\/","title":{"rendered":"Mesa Intermunicipal de Ambiente: 19 municipios unifican el c\u00f3digo de colores para la Separaci\u00f3n de Residuos en Origen"},"content":{"rendered":"<p dir=\"ltr\">En un paso important\u00edsimo hacia la gesti\u00f3n sostenible de los residuos, los municipios de Catamarca han alcanzado un destacado consenso para adoptar un\u00a0c\u00f3digo unificado de colores\u00a0destinado a la separaci\u00f3n de residuos en origen. Esta decisi\u00f3n clave surgi\u00f3 del segundo encuentro de la\u00a0Mesa Intermunicipal de Ambiente, un espacio autoconvocado que busca abordar problem\u00e1ticas ambientales y construir soluciones con una visi\u00f3n genuinamente regional que integra a casi una veintena de comunas catamarque\u00f1as.<\/p>\n<p dir=\"ltr\">Es decir, el acuerdo, considerado un avance fundamental para la provincia, unifica por primera vez los criterios de separaci\u00f3n de residuos, lo que permitir\u00e1 implementar pol\u00edticas ambientales comunes, estrategias log\u00edsticas integradas y soluciones de mayor escala en todo el territorio catamarque\u00f1o. A trav\u00e9s de los mecanismos administrativos y operativos correspondientes, cada localidad se comprometi\u00f3 formalmente a implementar este nuevo sistema.<\/p>\n<p dir=\"ltr\">\u00a0<\/p>\n<p dir=\"ltr\">Alcance y fundamento<\/p>\n<p dir=\"ltr\">Cabe destacar que, la Mesa Intermunicipal de Ambiente, que se constituy\u00f3 formalmente el pasado mes de agosto de 2025, est\u00e1 conformada por 19 municipios, entre los que se encuentran: San Fernando del Valle de Catamarca, Valle Viejo, Fray Mamerto Esqui\u00fa, Huillapima, Capay\u00e1n, Ica\u00f1o, La Puerta, Los Varela, Pacl\u00edn, Tinogasta, Fiambal\u00e1, Mutqu\u00edn, Puerta de San Jos\u00e9, San Jos\u00e9, Bel\u00e9n, Santa Mar\u00eda, Andalgal\u00e1, Villa Vil y Antofagasta de la Sierra. En esta instancia, dedicada espec\u00edficamente a la gesti\u00f3n de residuos s\u00f3lidos urbanos, se lograron acuerdos que impactar\u00e1n directamente en la forma en que los vecinos y vecinas de cada localidad separan sus desechos.<\/p>\n<p dir=\"ltr\">El c\u00f3digo de colores adoptado por los municipios no es una iniciativa aislada, sino que se encuentra establecido en el decreto reglamentario de la\u00a0Ley Nacional de Presupuestos M\u00ednimos de Residuos Domiciliarios N\u00b0 25.916. Esta unificaci\u00f3n permitir\u00e1 al ciudadano que se moviliza entre municipios mantener los mismos h\u00e1bitos de separaci\u00f3n, entendiendo f\u00e1cilmente d\u00f3nde depositar los\u00a0residuos secos valorizables\u00a0(como papel, cart\u00f3n, pl\u00e1stico y metales) y los\u00a0residuos org\u00e1nicos valorizables.<\/p>\n<p dir=\"ltr\">\u00a0<\/p>\n<p dir=\"ltr\">Trabajo Integral<\/p>\n<p dir=\"ltr\">Durante la jornada que se desarroll\u00f3 el pasado 19 de septiembre, no solo se logr\u00f3 el consenso en el c\u00f3digo de colores, sino que tambi\u00e9n se avanz\u00f3 en la elaboraci\u00f3n de un\u00a0mapa integrado de basurales\u00a0de Catamarca. Este diagn\u00f3stico tiene el prop\u00f3sito de impulsar estrategias concretas de cierre, reconversi\u00f3n y tratamiento de estos espacios, demostrando la voluntad pol\u00edtica de resolver una de las problem\u00e1ticas ambientales m\u00e1s urgentes. Adem\u00e1s, los participantes abordaron la compleja situaci\u00f3n actual del mercado de materiales reciclables y la crisis que atraviesa el sector.<\/p>\n<p dir=\"ltr\">El espacio de articulaci\u00f3n defini\u00f3 una serie de l\u00edneas estrat\u00e9gicas de trabajo que guiar\u00e1n la acci\u00f3n ambiental coordinada en los pr\u00f3ximos meses. Estas l\u00edneas incluyen la\u00a0gesti\u00f3n integral de residuos, la\u00a0forestaci\u00f3n urbana, la\u00a0educaci\u00f3n ambiental, las acciones de mitigaci\u00f3n y adaptaci\u00f3n al cambio clim\u00e1tico, y el desarrollo de normativa ambiental com\u00fan. La Municipalidad de la Capital asumi\u00f3 la coordinaci\u00f3n general de la mesa y cada municipio design\u00f3 a responsables t\u00e9cnicos para garantizar el trabajo articulado y la implementaci\u00f3n efectiva de los acuerdos.<\/p>\n<p dir=\"ltr\">El compromiso asumido por los 19 municipios catamarque\u00f1os establece un camino firme hacia una provincia m\u00e1s sostenible, donde el esfuerzo colectivo y la cooperaci\u00f3n interdepartamental se consolidan como las herramientas claves para el cuidado del ambiente y el futuro de las pr\u00f3ximas generaciones.<\/p>\n<p dir=\"ltr\">\u00a0<\/p>\n\n\n<figure class=\"wp-block-image size-large\"><img loading=\"lazy\" decoding=\"async\" width=\"598\" height=\"1024\" src=\"https:\/\/diariorepublica.com.ar\/web\/wp-content\/uploads\/2025\/10\/image-598x1024.png\" alt=\"\" class=\"wp-image-26914\" srcset=\"https:\/\/diariorepublica.com.ar\/web\/wp-content\/uploads\/2025\/10\/image-598x1024.png 598w, https:\/\/diariorepublica.com.ar\/web\/wp-content\/uploads\/2025\/10\/image-175x300.png 175w, https:\/\/diariorepublica.com.ar\/web\/wp-content\/uploads\/2025\/10\/image.png 731w\" sizes=\"(max-width: 598px) 100vw, 598px\" \/><\/figure>\n","protected":false},"excerpt":{"rendered":"<p>En un paso important\u00edsimo hacia la gesti\u00f3n sostenible de los residuos, los municipios de Catamarca han alcanzado un destacado consenso<\/p>\n","protected":false},"author":1,"featured_media":26915,"comment_status":"closed","ping_status":"closed","sticky":false,"template":"","format":"standard","meta":{"footnotes":"","jetpack_publicize_message":"","jetpack_publicize_feature_enabled":true,"jetpack_social_post_already_shared":true,"jetpack_social_options":{"image_generator_settings":{"template":"highway","enabled":false},"version":2}},"categories":[3],"tags":[],"class_list":["post-26912","post","type-post","status-publish","format-standard","has-post-thumbnail","hentry","category-sociedad"],"jetpack_publicize_connections":[],"_links":{"self":[{"href":"https:\/\/diariorepublica.com.ar\/web\/index.php\/wp-json\/wp\/v2\/posts\/26912"}],"collection":[{"href":"https:\/\/diariorepublica.com.ar\/web\/index.php\/wp-json\/wp\/v2\/posts"}],"about":[{"href":"https:\/\/diariorepublica.com.ar\/web\/index.php\/wp-json\/wp\/v2\/types\/post"}],"author":[{"embeddable":true,"href":"https:\/\/diariorepublica.com.ar\/web\/index.php\/wp-json\/wp\/v2\/users\/1"}],"replies":[{"embeddable":true,"href":"https:\/\/diariorepublica.com.ar\/web\/index.php\/wp-json\/wp\/v2\/comments?post=26912"}],"version-history":[{"count":1,"href":"https:\/\/diariorepublica.com.ar\/web\/index.php\/wp-json\/wp\/v2\/posts\/26912\/revisions"}],"predecessor-version":[{"id":26916,"href":"https:\/\/diariorepublica.com.ar\/web\/index.php\/wp-json\/wp\/v2\/posts\/26912\/revisions\/26916"}],"wp:featuredmedia":[{"embeddable":true,"href":"https:\/\/diariorepublica.com.ar\/web\/index.php\/wp-json\/wp\/v2\/media\/26915"}],"wp:attachment":[{"href":"https:\/\/diariorepublica.com.ar\/web\/index.php\/wp-json\/wp\/v2\/media?parent=26912"}],"wp:term":[{"taxonomy":"category","embeddable":true,"href":"https:\/\/diariorepublica.com.ar\/web\/index.php\/wp-json\/wp\/v2\/categories?post=26912"},{"taxonomy":"post_tag","embeddable":true,"href":"https:\/\/diariorepublica.com.ar\/web\/index.php\/wp-json\/wp\/v2\/tags?post=26912"}],"curies":[{"name":"wp","href":"https:\/\/api.w.org\/{rel}","templated":true}]}}