{"id":26938,"date":"2025-10-03T17:35:00","date_gmt":"2025-10-03T20:35:00","guid":{"rendered":"https:\/\/diariorepublica.com.ar\/web\/?p=26938"},"modified":"2025-10-03T18:36:06","modified_gmt":"2025-10-03T21:36:06","slug":"la-justicia-de-peru-definio-que-pequeno-j-sera-extraditado-a-la-argentina","status":"publish","type":"post","link":"https:\/\/diariorepublica.com.ar\/web\/index.php\/nacionales\/2025\/10\/03\/la-justicia-de-peru-definio-que-pequeno-j-sera-extraditado-a-la-argentina\/","title":{"rendered":"La Justicia de Per\u00fa defini\u00f3 que \u201cPeque\u00f1o J\u201d ser\u00e1 extraditado a la Argentina"},"content":{"rendered":"<p><strong>La Justicia peruana dictamin\u00f3 la prisi\u00f3n preventiva con fines de extradici\u00f3n pasiva por el t\u00e9rmino de nueve meses para Tony Janzen Valverde Victoriano<\/strong>, alias\u00a0<strong>\u201cPeque\u00f1o J\u201d<\/strong>, presunto ide\u00f3logo de los cr\u00edmenes de Morena Verdi, Brenda Loreley Del Castillo y Lara Guti\u00e9rrez en el partido bonaerense de Florencio Varela.<\/p>\n<p>El acusado permanecer\u00e1 alojado<strong>\u00a0en el penal de m\u00e1xima seguridad de San Vicente de Ca\u00f1ete<\/strong>, en la ciudad de Lima, a la espera de ser trasladado a la Argentina.<\/p>\n<p><strong>El sospechoso se neg\u00f3 a la extradici\u00f3n voluntaria,<\/strong>\u00a0al tiempo que su defensa pidi\u00f3 que se aplique<strong>\u00a0\u201cel principio de humanidad\u201d<\/strong>\u00a0dado que es un\u00a0<strong>\u201cjoven de 20 a\u00f1os\u201d.<\/strong><\/p>\n<p>Durante la audiencia virtual llevada a cabo en la Comisar\u00eda de Chilcha, el abogado Marcos Sandoval remarc\u00f3 que Valverde Victoriano es\u00a0<strong>\u201cinocente de todos los cargos\u201d<\/strong>\u00a0que formul\u00f3 el fiscal Adri\u00e1n Arribas y solicit\u00f3 que se otorgue\u00a0<strong>la libertad con comparecencia.<\/strong><\/p>\n","protected":false},"excerpt":{"rendered":"<p>La Justicia peruana dictamin\u00f3 la prisi\u00f3n preventiva con fines de extradici\u00f3n pasiva por el t\u00e9rmino de nueve meses para Tony<\/p>\n","protected":false},"author":1,"featured_media":26939,"comment_status":"closed","ping_status":"closed","sticky":false,"template":"","format":"standard","meta":{"footnotes":"","jetpack_publicize_message":"","jetpack_publicize_feature_enabled":true,"jetpack_social_post_already_shared":true,"jetpack_social_options":{"image_generator_settings":{"template":"highway","enabled":false},"version":2}},"categories":[4],"tags":[],"class_list":["post-26938","post","type-post","status-publish","format-standard","has-post-thumbnail","hentry","category-nacionales"],"jetpack_publicize_connections":[],"_links":{"self":[{"href":"https:\/\/diariorepublica.com.ar\/web\/index.php\/wp-json\/wp\/v2\/posts\/26938"}],"collection":[{"href":"https:\/\/diariorepublica.com.ar\/web\/index.php\/wp-json\/wp\/v2\/posts"}],"about":[{"href":"https:\/\/diariorepublica.com.ar\/web\/index.php\/wp-json\/wp\/v2\/types\/post"}],"author":[{"embeddable":true,"href":"https:\/\/diariorepublica.com.ar\/web\/index.php\/wp-json\/wp\/v2\/users\/1"}],"replies":[{"embeddable":true,"href":"https:\/\/diariorepublica.com.ar\/web\/index.php\/wp-json\/wp\/v2\/comments?post=26938"}],"version-history":[{"count":1,"href":"https:\/\/diariorepublica.com.ar\/web\/index.php\/wp-json\/wp\/v2\/posts\/26938\/revisions"}],"predecessor-version":[{"id":26940,"href":"https:\/\/diariorepublica.com.ar\/web\/index.php\/wp-json\/wp\/v2\/posts\/26938\/revisions\/26940"}],"wp:featuredmedia":[{"embeddable":true,"href":"https:\/\/diariorepublica.com.ar\/web\/index.php\/wp-json\/wp\/v2\/media\/26939"}],"wp:attachment":[{"href":"https:\/\/diariorepublica.com.ar\/web\/index.php\/wp-json\/wp\/v2\/media?parent=26938"}],"wp:term":[{"taxonomy":"category","embeddable":true,"href":"https:\/\/diariorepublica.com.ar\/web\/index.php\/wp-json\/wp\/v2\/categories?post=26938"},{"taxonomy":"post_tag","embeddable":true,"href":"https:\/\/diariorepublica.com.ar\/web\/index.php\/wp-json\/wp\/v2\/tags?post=26938"}],"curies":[{"name":"wp","href":"https:\/\/api.w.org\/{rel}","templated":true}]}}