{"id":27006,"date":"2025-10-07T10:14:26","date_gmt":"2025-10-07T13:14:26","guid":{"rendered":"https:\/\/diariorepublica.com.ar\/web\/?p=27006"},"modified":"2025-10-07T10:14:30","modified_gmt":"2025-10-07T13:14:30","slug":"con-34-medallas-catamarca-cerro-una-participacion-historica-en-los-juegos-evita-2025","status":"publish","type":"post","link":"https:\/\/diariorepublica.com.ar\/web\/index.php\/deportes\/2025\/10\/07\/con-34-medallas-catamarca-cerro-una-participacion-historica-en-los-juegos-evita-2025\/","title":{"rendered":"Con 34 medallas, Catamarca cerr\u00f3 una participaci\u00f3n hist\u00f3rica en los Juegos Evita 2025"},"content":{"rendered":"<p>La delegaci\u00f3n de Catamarca finaliz\u00f3 este s\u00e1bado su participaci\u00f3n en los Juegos Deportivos Nacionales Evita 2025 con un desempe\u00f1o sobresaliente, sumando 34 medallas en total entre deportes convencionales y adaptados, en una edici\u00f3n que reuni\u00f3 a miles de j\u00f3venes de todo el pa\u00eds en la ciudad de Mar del Plata.<\/p>\n<p>Durante seis intensas jornadas, los y las deportistas catamarque\u00f1os demostraron talento, esfuerzo, compa\u00f1erismo y un profundo esp\u00edritu de equipo, dejando a la provincia entre las m\u00e1s destacadas del certamen nacional.<\/p>\n<p>DEPORTES CONVENCIONALES<\/p>\n<p>Medallas de Oro (4)<\/p>\n<p>\u2022 \u00a0 \u00a0 \u00a0 \u00a0 \u00a0 \u00a0 Thomas Breppe \u2013 Ciclismo, 500 mts<\/p>\n<p>\u2022 \u00a0 \u00a0 \u00a0 \u00a0 \u00a0 \u00a0 Tiziano Calder\u00f3n \u2013 Atletismo, 80 mts llanos<\/p>\n<p>\u2022 \u00a0 \u00a0 \u00a0 \u00a0 \u00a0 \u00a0 Equipo Masculino de Gimnasia Art\u00edstica \u2013 Campeones Nacionales<\/p>\n<p>(Ramiro Efra\u00edn Vega Rabinovich, Baltazar Alessandro y Lucas Mancilla)<\/p>\n<p>\u2022 \u00a0 \u00a0 \u00a0 \u00a0 \u00a0 \u00a0 Valentina Corpacci \u2013 BMX Freestyle<\/p>\n<p>Medallas de Plata (5)<\/p>\n<p>\u2022 \u00a0 \u00a0 \u00a0 \u00a0 \u00a0 \u00a0 Julia Reyna Furque \u2013 Judo (Polideportivo 250, Capital)<\/p>\n<p>\u2022 \u00a0 \u00a0 \u00a0 \u00a0 \u00a0 \u00a0 Sof\u00eda Chayle \u2013 Triatl\u00f3n (Capital)<\/p>\n<p>\u2022 \u00a0 \u00a0 \u00a0 \u00a0 \u00a0 \u00a0 Fernanda Varas y Tadeo Joaqu\u00edn Robledo \u2013 Tiro con Arco Mixto<\/p>\n<p>\u2022 \u00a0 \u00a0 \u00a0 \u00a0 \u00a0 \u00a0 Javier Correa \u2013 Atletismo, 2000 mts marcha masculino (Vilism\u00e1n, Dpto. El Alto)<\/p>\n<p>\u2022 \u00a0 \u00a0 \u00a0 \u00a0 \u00a0 \u00a0 Giovanni Garc\u00eda \u2013 E-Sports<\/p>\n<p>Medallas de Bronce (3)<\/p>\n<p>\u2022 \u00a0 \u00a0 \u00a0 \u00a0 \u00a0 \u00a0 Melina Ag\u00fcero \u2013 Boxeo Femenino (hasta 50 kg)<\/p>\n<p>\u2022 \u00a0 \u00a0 \u00a0 \u00a0 \u00a0 \u00a0 Tadeo Joaqu\u00edn Robledo \u2013 Tiro con Arco Masculino<\/p>\n<p>\u2022 \u00a0 \u00a0 \u00a0 \u00a0 \u00a0 \u00a0 Emilio Valdez \u2013 Atletismo, 600 mts llanos masculino (Sij\u00e1n, Dpto. Pom\u00e1n)<\/p>\n<p>Participaciones destacadas:<\/p>\n<p>\u2022 \u00a0 \u00a0 \u00a0 \u00a0 \u00a0 \u00a0 Skate: Lionel Mamani (6\u00b0) y Sof\u00eda Campos (7\u00b0), ambos de Santa Mar\u00eda.<\/p>\n<p>DEPORTE ADAPTADO<\/p>\n<p>Medallas de Oro (14)<\/p>\n<p>\u2022 \u00a0 \u00a0 \u00a0 \u00a0 \u00a0 \u00a0 Milagros Nieva \u2013 Nataci\u00f3n Adaptada, 25 mts Mariposa<\/p>\n<p>\u2022 \u00a0 \u00a0 \u00a0 \u00a0 \u00a0 \u00a0 Juli\u00e1n Nieva \u2013 Nataci\u00f3n Adaptada, 25 mts Libre<\/p>\n<p>\u2022 \u00a0 \u00a0 \u00a0 \u00a0 \u00a0 \u00a0 Celeste Mansilla \u2013 Salto en Largo, 100 mts y 200 mts<\/p>\n<p>\u2022 \u00a0 \u00a0 \u00a0 \u00a0 \u00a0 \u00a0 Magal\u00ed Contreras \u2013 200 mts, 100 mts, Bala y Salto<\/p>\n<p>\u2022 \u00a0 \u00a0 \u00a0 \u00a0 \u00a0 \u00a0 Ger\u00f3nimo Tarifa \u2013 200 mts, 100 mts, Bala y Salto<\/p>\n<p>\u2022 \u00a0 \u00a0 \u00a0 \u00a0 \u00a0 \u00a0 Valent\u00edn Yba\u00f1ez \u2013 Powerlifting Adaptado, 90 kg (Promocional)<\/p>\n<p>Medallas de Plata (3)<\/p>\n<p>\u2022 \u00a0 \u00a0 \u00a0 \u00a0 \u00a0 \u00a0 Celeste Mansilla \u2013 Bala<\/p>\n<p>\u2022 \u00a0 \u00a0 \u00a0 \u00a0 \u00a0 \u00a0 Uriel Quiroga \u2013 Salto y 1500 mts<\/p>\n<p>Medallas de Bronce (5)<\/p>\n<p>\u2022 \u00a0 \u00a0 \u00a0 \u00a0 \u00a0 \u00a0 Esteban Barrionuevo \u2013 Nataci\u00f3n Adaptada, 25 mts Espalda<\/p>\n<p>\u2022 \u00a0 \u00a0 \u00a0 \u00a0 \u00a0 \u00a0 Uriel Quiroga \u2013 200 mts<\/p>\n<p>\u2022 \u00a0 \u00a0 \u00a0 \u00a0 \u00a0 \u00a0 Nicol\u00e1s Contreras \u2013 100 mts<\/p>\n<p>\u2022 \u00a0 \u00a0 \u00a0 \u00a0 \u00a0 \u00a0 Nicol\u00e1s Coronel \u2013 200 mts<\/p>\n<p>\u2022 \u00a0 \u00a0 \u00a0 \u00a0 \u00a0 \u00a0 Dar\u00edo Luna \u2013 Tenis de Mesa Adaptado, Single<\/p>\n<p>La Secretar\u00eda de Deportes y Recreaci\u00f3n, dependiente del Ministerio de Cultura, Turismo y Deporte del Gobierno de Catamarca, agradece de manera especial a los deportistas, por su entrega en cada competencia, a los profesores, entrenadores y cuerpos t\u00e9cnicos, por la formaci\u00f3n y el acompa\u00f1amiento constante, a las familias de los atletas, a los m\u00e9dicos, kinesi\u00f3logos, choferes y personal de log\u00edstica, que garantizaron la atenci\u00f3n, el traslado y el bienestar de la delegaci\u00f3n, a las escuelas, clubes e instituciones deportivas, por ser la base de este proceso y al Gobierno de la Provincia de Catamarca, por el respaldo integral que hizo posible esta hist\u00f3rica participaci\u00f3n.<\/p>\n<p>Los Juegos Evita 2025 dejan un saldo hist\u00f3rico para Catamarca: 34 medallas, pero sobre todo la certeza de que el deporte es inclusi\u00f3n, integraci\u00f3n y futuro para nuestros j\u00f3venes.<\/p>\n","protected":false},"excerpt":{"rendered":"<p>La delegaci\u00f3n de Catamarca finaliz\u00f3 este s\u00e1bado su participaci\u00f3n en los Juegos Deportivos Nacionales Evita 2025 con un desempe\u00f1o sobresaliente,<\/p>\n","protected":false},"author":1,"featured_media":27007,"comment_status":"closed","ping_status":"closed","sticky":false,"template":"","format":"standard","meta":{"footnotes":"","jetpack_publicize_message":"","jetpack_publicize_feature_enabled":true,"jetpack_social_post_already_shared":true,"jetpack_social_options":{"image_generator_settings":{"template":"highway","enabled":false},"version":2}},"categories":[9],"tags":[],"class_list":["post-27006","post","type-post","status-publish","format-standard","has-post-thumbnail","hentry","category-deportes"],"jetpack_publicize_connections":[],"_links":{"self":[{"href":"https:\/\/diariorepublica.com.ar\/web\/index.php\/wp-json\/wp\/v2\/posts\/27006"}],"collection":[{"href":"https:\/\/diariorepublica.com.ar\/web\/index.php\/wp-json\/wp\/v2\/posts"}],"about":[{"href":"https:\/\/diariorepublica.com.ar\/web\/index.php\/wp-json\/wp\/v2\/types\/post"}],"author":[{"embeddable":true,"href":"https:\/\/diariorepublica.com.ar\/web\/index.php\/wp-json\/wp\/v2\/users\/1"}],"replies":[{"embeddable":true,"href":"https:\/\/diariorepublica.com.ar\/web\/index.php\/wp-json\/wp\/v2\/comments?post=27006"}],"version-history":[{"count":1,"href":"https:\/\/diariorepublica.com.ar\/web\/index.php\/wp-json\/wp\/v2\/posts\/27006\/revisions"}],"predecessor-version":[{"id":27008,"href":"https:\/\/diariorepublica.com.ar\/web\/index.php\/wp-json\/wp\/v2\/posts\/27006\/revisions\/27008"}],"wp:featuredmedia":[{"embeddable":true,"href":"https:\/\/diariorepublica.com.ar\/web\/index.php\/wp-json\/wp\/v2\/media\/27007"}],"wp:attachment":[{"href":"https:\/\/diariorepublica.com.ar\/web\/index.php\/wp-json\/wp\/v2\/media?parent=27006"}],"wp:term":[{"taxonomy":"category","embeddable":true,"href":"https:\/\/diariorepublica.com.ar\/web\/index.php\/wp-json\/wp\/v2\/categories?post=27006"},{"taxonomy":"post_tag","embeddable":true,"href":"https:\/\/diariorepublica.com.ar\/web\/index.php\/wp-json\/wp\/v2\/tags?post=27006"}],"curies":[{"name":"wp","href":"https:\/\/api.w.org\/{rel}","templated":true}]}}