{"id":27012,"date":"2025-10-07T13:24:00","date_gmt":"2025-10-07T16:24:00","guid":{"rendered":"https:\/\/diariorepublica.com.ar\/web\/?p=27012"},"modified":"2025-10-07T16:26:11","modified_gmt":"2025-10-07T19:26:11","slug":"hallaron-sin-vida-a-daiana-mendieta-la-joven-que-estaba-desaparecida-en-entre-rios","status":"publish","type":"post","link":"https:\/\/diariorepublica.com.ar\/web\/index.php\/nacionales\/2025\/10\/07\/hallaron-sin-vida-a-daiana-mendieta-la-joven-que-estaba-desaparecida-en-entre-rios\/","title":{"rendered":"Hallaron sin vida a Daiana Mendieta, la joven que estaba desaparecida en Entre R\u00edos"},"content":{"rendered":"<p><strong>Daiana Mendieta<\/strong>, la joven de 22 a\u00f1os que estaba desaparecida desde el viernes 3 de octubre en Entre R\u00edos,\u00a0<strong>fue hallada sin vida\u00a0<\/strong>este martes tras nuevos rastrillajes, seg\u00fan supo la agencia Noticias Argentinas.<\/p>\n<p>El cuerpo de la joven fue encontrado este martes por la ma\u00f1ana\u00a0<strong>dentro de un aljibe a 10 metros de profundidad en Gobernador Mansilla<\/strong>, departamento Tala.<\/p>\n<p><strong>\u201cLas c\u00e1maras de seguridad p\u00fablicas y privadas resultaron clave para reconstruir el recorrido de Daiana\u201d<\/strong>, detallaron fuentes del caso.<\/p>\n<p>Asimismo, se indic\u00f3 que los investigadores\u00a0<strong>\u201caguardan las pericias de los dispositivos secuestrados para avanzar\u00a0en\u00a0la\u00a0causa\u201d.<\/strong><\/p>\n<p>El viernes 3 de octubre por la noche,\u00a0<strong>Mendieta sali\u00f3 de su casa y nunca m\u00e1s se supo de ella.<\/strong>\u00a0Sus padres, al no poder contactarla, realizaron la denuncia 24 horas despu\u00e9s y desde aquel momento se dio inicio a una\u00a0<strong>exhaustiva investigaci\u00f3n.<\/strong><\/p>\n<p>En las primeras horas del domingo, seg\u00fan describen diversos medios locales,\u00a0<strong>se logr\u00f3 encontrar el veh\u00edculo abandonado y con las llaves puestas.\u00a0<\/strong>Las primeras pericias indican que\u00a0<strong>no hay indicios de forcejeo.<\/strong><\/p>\n<p>Adem\u00e1s, por las primeras testimoniales, se orden\u00f3 un\u00a0<strong>allanamiento<\/strong>\u00a0de urgencia donde se incautaron\u00a0<strong>tres celulares y una camioneta Toyota Hilux<\/strong>. A su vez, un hombre fue\u00a0<strong>detenido<\/strong>\u00a0luego de\u00a0<strong>agredir a los efectivos policiales.<\/strong><\/p>\n<p>En los operativos trabajaron cadetes de la\u00a0<strong>Escuela de Polic\u00eda, la Divisi\u00f3n Canes, efectivos de diferentes \u00e1reas de la fuerza, Bomberos y otros colaboradores<\/strong>, sumado a que se utilizan\u00a0<strong>drones<\/strong>\u00a0para inspeccionar el \u00e1rea.<\/p>\n","protected":false},"excerpt":{"rendered":"<p>Daiana Mendieta, la joven de 22 a\u00f1os que estaba desaparecida desde el viernes 3 de octubre en Entre R\u00edos,\u00a0fue hallada<\/p>\n","protected":false},"author":1,"featured_media":27013,"comment_status":"closed","ping_status":"closed","sticky":false,"template":"","format":"standard","meta":{"footnotes":"","jetpack_publicize_message":"","jetpack_publicize_feature_enabled":true,"jetpack_social_post_already_shared":true,"jetpack_social_options":{"image_generator_settings":{"template":"highway","enabled":false},"version":2}},"categories":[4],"tags":[],"class_list":["post-27012","post","type-post","status-publish","format-standard","has-post-thumbnail","hentry","category-nacionales"],"jetpack_publicize_connections":[],"_links":{"self":[{"href":"https:\/\/diariorepublica.com.ar\/web\/index.php\/wp-json\/wp\/v2\/posts\/27012"}],"collection":[{"href":"https:\/\/diariorepublica.com.ar\/web\/index.php\/wp-json\/wp\/v2\/posts"}],"about":[{"href":"https:\/\/diariorepublica.com.ar\/web\/index.php\/wp-json\/wp\/v2\/types\/post"}],"author":[{"embeddable":true,"href":"https:\/\/diariorepublica.com.ar\/web\/index.php\/wp-json\/wp\/v2\/users\/1"}],"replies":[{"embeddable":true,"href":"https:\/\/diariorepublica.com.ar\/web\/index.php\/wp-json\/wp\/v2\/comments?post=27012"}],"version-history":[{"count":1,"href":"https:\/\/diariorepublica.com.ar\/web\/index.php\/wp-json\/wp\/v2\/posts\/27012\/revisions"}],"predecessor-version":[{"id":27014,"href":"https:\/\/diariorepublica.com.ar\/web\/index.php\/wp-json\/wp\/v2\/posts\/27012\/revisions\/27014"}],"wp:featuredmedia":[{"embeddable":true,"href":"https:\/\/diariorepublica.com.ar\/web\/index.php\/wp-json\/wp\/v2\/media\/27013"}],"wp:attachment":[{"href":"https:\/\/diariorepublica.com.ar\/web\/index.php\/wp-json\/wp\/v2\/media?parent=27012"}],"wp:term":[{"taxonomy":"category","embeddable":true,"href":"https:\/\/diariorepublica.com.ar\/web\/index.php\/wp-json\/wp\/v2\/categories?post=27012"},{"taxonomy":"post_tag","embeddable":true,"href":"https:\/\/diariorepublica.com.ar\/web\/index.php\/wp-json\/wp\/v2\/tags?post=27012"}],"curies":[{"name":"wp","href":"https:\/\/api.w.org\/{rel}","templated":true}]}}