{"id":27029,"date":"2025-10-08T20:15:14","date_gmt":"2025-10-08T23:15:14","guid":{"rendered":"https:\/\/diariorepublica.com.ar\/web\/?p=27029"},"modified":"2025-10-08T20:15:16","modified_gmt":"2025-10-08T23:15:16","slug":"el-emotivo-posteo-de-boca-para-homenajear-a-miguel-angel-russo-siempre-en-nuestros-corazones","status":"publish","type":"post","link":"https:\/\/diariorepublica.com.ar\/web\/index.php\/deportes\/2025\/10\/08\/el-emotivo-posteo-de-boca-para-homenajear-a-miguel-angel-russo-siempre-en-nuestros-corazones\/","title":{"rendered":"El emotivo posteo de Boca para homenajear a Miguel \u00c1ngel Russo: \u201cSiempre en nuestros corazones\u201d"},"content":{"rendered":"<p class=\"left paragraph font__body-regular\"><b>Boca<\/b>\u00a0public\u00f3 un emotivo comunicado este mi\u00e9rcoles para anunciar\u00a0la muerte de\u00a0<b>Miguel \u00c1ngel Russo<\/b>, actual entrenador del equipo profesional y el \u00faltimo que le hab\u00eda dado una Copa Libertadores en 2007.<\/p>\n<p class=\"left paragraph font__body-regular\"><i><b>\u201cEl Club Atl\u00e9tico Boca Juniors comunica con profunda tristeza el fallecimiento de Miguel \u00c1ngel Russo.<\/b><\/i><\/p>\n<p class=\"left paragraph font__body-regular\"><i><b>Miguel deja una huella imborrable en nuestra instituci\u00f3n y ser\u00e1 siempre un ejemplo de alegr\u00eda, calidez y esfuerzo.<\/b><\/i><\/p>\n<p class=\"left paragraph font__body-regular\"><i><b>Acompa\u00f1amos a su familia y a sus seres queridos en este momento de dolor. \u00a1Hasta siempre, querido Miguel!\u201c.<\/b><\/i><\/p>\n<figure class=\"\" data-testid=\"figure-testid\">\n<div class=\"aspect_ratio__container\"><picture class=\"responsive-image\"><source srcset=\"https:\/\/tn.com.ar\/resizer\/v2\/boca-dejo-un-emotivo-mensaje-por-la-muerte-de-russo-foto-captura-LBQWFFOUC5GUXGCTRD7UOUB4AA.PNG?auth=57829838959883b0f915e1fedd7b37594d2742536a57adc33ffcdb5d4816ea3c&amp;width=767\" type=\"image\/jpg\" media=\"(max-width: 728px)\" \/><source srcset=\"https:\/\/tn.com.ar\/resizer\/v2\/boca-dejo-un-emotivo-mensaje-por-la-muerte-de-russo-foto-captura-LBQWFFOUC5GUXGCTRD7UOUB4AA.PNG?auth=57829838959883b0f915e1fedd7b37594d2742536a57adc33ffcdb5d4816ea3c&amp;width=1023\" type=\"image\/jpg\" media=\"(max-width: 1023px)\" \/><source srcset=\"https:\/\/tn.com.ar\/resizer\/v2\/boca-dejo-un-emotivo-mensaje-por-la-muerte-de-russo-foto-captura-LBQWFFOUC5GUXGCTRD7UOUB4AA.PNG?auth=57829838959883b0f915e1fedd7b37594d2742536a57adc33ffcdb5d4816ea3c&amp;width=1440\" type=\"image\/jpg\" \/><img loading=\"lazy\" decoding=\"async\" class=\"image content-image image_placeholder\" src=\"https:\/\/tn.com.ar\/resizer\/v2\/boca-dejo-un-emotivo-mensaje-por-la-muerte-de-russo-foto-captura-LBQWFFOUC5GUXGCTRD7UOUB4AA.PNG?auth=57829838959883b0f915e1fedd7b37594d2742536a57adc33ffcdb5d4816ea3c&amp;width=767\" alt=\"Boca dej\u00f3 un emotivo mensaje por la muerte de Russo. (Foto: Captura).\" width=\"767\" height=\"1349\" data-testid=\"loading-testid\" \/><\/picture><\/div><figcaption class=\"caption_image\" data-testid=\"figcaption-testid\">\n<div class=\"image_caption \">Boca dej\u00f3 un em<\/div>\n<\/figcaption><\/figure>\n","protected":false},"excerpt":{"rendered":"<p>Boca\u00a0public\u00f3 un emotivo comunicado este mi\u00e9rcoles para anunciar\u00a0la muerte de\u00a0Miguel \u00c1ngel Russo, actual entrenador del equipo profesional y el \u00faltimo<\/p>\n","protected":false},"author":1,"featured_media":27030,"comment_status":"closed","ping_status":"closed","sticky":false,"template":"","format":"standard","meta":{"footnotes":"","jetpack_publicize_message":"","jetpack_publicize_feature_enabled":true,"jetpack_social_post_already_shared":true,"jetpack_social_options":{"image_generator_settings":{"template":"highway","enabled":false},"version":2}},"categories":[9],"tags":[],"class_list":["post-27029","post","type-post","status-publish","format-standard","has-post-thumbnail","hentry","category-deportes"],"jetpack_publicize_connections":[],"_links":{"self":[{"href":"https:\/\/diariorepublica.com.ar\/web\/index.php\/wp-json\/wp\/v2\/posts\/27029"}],"collection":[{"href":"https:\/\/diariorepublica.com.ar\/web\/index.php\/wp-json\/wp\/v2\/posts"}],"about":[{"href":"https:\/\/diariorepublica.com.ar\/web\/index.php\/wp-json\/wp\/v2\/types\/post"}],"author":[{"embeddable":true,"href":"https:\/\/diariorepublica.com.ar\/web\/index.php\/wp-json\/wp\/v2\/users\/1"}],"replies":[{"embeddable":true,"href":"https:\/\/diariorepublica.com.ar\/web\/index.php\/wp-json\/wp\/v2\/comments?post=27029"}],"version-history":[{"count":1,"href":"https:\/\/diariorepublica.com.ar\/web\/index.php\/wp-json\/wp\/v2\/posts\/27029\/revisions"}],"predecessor-version":[{"id":27031,"href":"https:\/\/diariorepublica.com.ar\/web\/index.php\/wp-json\/wp\/v2\/posts\/27029\/revisions\/27031"}],"wp:featuredmedia":[{"embeddable":true,"href":"https:\/\/diariorepublica.com.ar\/web\/index.php\/wp-json\/wp\/v2\/media\/27030"}],"wp:attachment":[{"href":"https:\/\/diariorepublica.com.ar\/web\/index.php\/wp-json\/wp\/v2\/media?parent=27029"}],"wp:term":[{"taxonomy":"category","embeddable":true,"href":"https:\/\/diariorepublica.com.ar\/web\/index.php\/wp-json\/wp\/v2\/categories?post=27029"},{"taxonomy":"post_tag","embeddable":true,"href":"https:\/\/diariorepublica.com.ar\/web\/index.php\/wp-json\/wp\/v2\/tags?post=27029"}],"curies":[{"name":"wp","href":"https:\/\/api.w.org\/{rel}","templated":true}]}}