{"id":27050,"date":"2025-10-09T07:15:37","date_gmt":"2025-10-09T10:15:37","guid":{"rendered":"https:\/\/diariorepublica.com.ar\/web\/?p=27050"},"modified":"2025-10-09T07:15:40","modified_gmt":"2025-10-09T10:15:40","slug":"con-un-importante-evento-se-festejara-la-semana-global-del-emprendedor-en-la-ciudad","status":"publish","type":"post","link":"https:\/\/diariorepublica.com.ar\/web\/index.php\/sociedad\/2025\/10\/09\/con-un-importante-evento-se-festejara-la-semana-global-del-emprendedor-en-la-ciudad\/","title":{"rendered":"Con un importante evento, se festejar\u00e1 la Semana global del Emprendedor en la ciudad"},"content":{"rendered":"<p>Ayer se realiz\u00f3 en lanzamiento de lo que ser\u00e1 la Semana Global del Emprendedor organizada por la Secretar\u00eda de Turismo y Desarrollo Econ\u00f3mico de la Capital y co-dise\u00f1ada por la Red de Articulaci\u00f3n Emprendedora que conforman representantes del sector p\u00fablico, privado, financiero, acad\u00e9mico y tercer sector de la ciudad.<\/p>\n<p>Mediante una conferencia de prensa encabezada por la titular de dicha Secretar\u00eda , In\u00e9s Gal\u00edndez, junto a Stella Torres de su equipo t\u00e9cnico, la presidente de la Uni\u00f3n Comercial Cintia Galarza y el representante de Andreani, Carlos Barrios, se brind\u00f3 detalles del encuentro que se realizar\u00e1 los pr\u00f3ximos 19, 20 y 21 de noviembre en el Nodo Tecnol\u00f3gico y reunir\u00e1 a emprendedores, marcas y expertos de todos el pa\u00eds para aprender a emprender y potenciar o generar negocios en comunidad.<\/p>\n<p>In\u00e9s Gal\u00edndez destac\u00f3 la concreci\u00f3n del evento mundial que realizan en simult\u00e1neo m\u00e1s de 170 pa\u00edses para promover y fortalecer el ecosistema emprendedor a nivel global: \u201chemos comenzado a trabajar con la Red de Articulaci\u00f3n con la idea de apoyar el emprendedurismo en Catamarca, que nuestros emprendedores sean competitivos, que puedan entrar en el mundo de las empresas y del emprendedurismo a nivel mundial. Por eso, la Semana Global del Emprendedor va a reunir principalmente a quienes deseen iniciar este camino o se proponen el desaf\u00edo de emprender. Vamos a apoyarlos con una serie de herramientas para que se animen a concretar sus ideas, califiquen, sean mejores, puedan consolidarse y, por que no, aspirar a ingresar al comercio exterior\u201d.<\/p>\n<p>\u201cCreemos que debemos apoyar a todos aquellos que apuestan al autoempleo, pero tambi\u00e9n necesitamos formar al emprendedor que impulsa, que genera nuevos puestos, que va escalando, porque colabora con la idea de lograr una ciudad competitiva para que Catamarca aparezca no solamente en el mapa tur\u00edstico, como ya lo estamos logrando, sino tambi\u00e9n en el mapa econ\u00f3mico de nuestro pa\u00eds\u201d, agreg\u00f3.<\/p>\n<p>Por su parte Stella Torres dio detalles de la propuesta: \u201cla idea es que tengamos charlas, experiencias, paneles para los emprendedores, para los comerciantes y todas las personas que quieran aprender o llevar a cabo una idea para desarrollarse como emprendedor. Vamos a tener el primer d\u00eda charlas y actividades gratuitas y abiertas al p\u00fablico y, dos jornadas que ya se est\u00e1n promocionando mediante la plataforma Emprendenoa y que requiere una entrada paga, en las que tendremos disertantes de distintos puntos del pa\u00eds, como el presidente Go cuota, representantes de Endeavor y el acompa\u00f1amientos de empresas como Andreani, Metricol, entre muchas otras que apoyan y apuestan al polo emprendedor de la ciudad\u201d.<\/p>\n<p>El d\u00eda inaugural, previsto para el jueves 19 de noviembre, se realizar\u00e1 un acto institucional con la presencia de representantes del Instituto Municipal del Emprendedor, las Secretar\u00eda de Ambiente, Turismo, Modernizaci\u00f3n y brindar\u00e1n su experiencia referentes del espacio emprendedor Semilla, Junio Achievement, Punto J\u00f3ven y J\u00f3venes Emprendedores.<\/p>\n<p>Durante las dos jornadas siguientes se brindar\u00e1n conferencias, din\u00e1micas de conexi\u00f3n, masterclass, paneles con la presencia de referentes nacionales, workshops pr\u00e1cticos y habr\u00e1 espacios de articulaci\u00f3n institucional y networking, entre algunas de las actividades programadas.<br \/>\nLos interesados en participar del encuentro y deseen adquirir sus entradas deben ingresar a la web: emprendenoa.com.ar<\/p>\n","protected":false},"excerpt":{"rendered":"<p>Ayer se realiz\u00f3 en lanzamiento de lo que ser\u00e1 la Semana Global del Emprendedor organizada por la Secretar\u00eda de Turismo<\/p>\n","protected":false},"author":1,"featured_media":27051,"comment_status":"closed","ping_status":"closed","sticky":false,"template":"","format":"standard","meta":{"footnotes":"","jetpack_publicize_message":"","jetpack_publicize_feature_enabled":true,"jetpack_social_post_already_shared":true,"jetpack_social_options":{"image_generator_settings":{"template":"highway","enabled":false},"version":2}},"categories":[3],"tags":[],"class_list":["post-27050","post","type-post","status-publish","format-standard","has-post-thumbnail","hentry","category-sociedad"],"jetpack_publicize_connections":[],"_links":{"self":[{"href":"https:\/\/diariorepublica.com.ar\/web\/index.php\/wp-json\/wp\/v2\/posts\/27050"}],"collection":[{"href":"https:\/\/diariorepublica.com.ar\/web\/index.php\/wp-json\/wp\/v2\/posts"}],"about":[{"href":"https:\/\/diariorepublica.com.ar\/web\/index.php\/wp-json\/wp\/v2\/types\/post"}],"author":[{"embeddable":true,"href":"https:\/\/diariorepublica.com.ar\/web\/index.php\/wp-json\/wp\/v2\/users\/1"}],"replies":[{"embeddable":true,"href":"https:\/\/diariorepublica.com.ar\/web\/index.php\/wp-json\/wp\/v2\/comments?post=27050"}],"version-history":[{"count":1,"href":"https:\/\/diariorepublica.com.ar\/web\/index.php\/wp-json\/wp\/v2\/posts\/27050\/revisions"}],"predecessor-version":[{"id":27052,"href":"https:\/\/diariorepublica.com.ar\/web\/index.php\/wp-json\/wp\/v2\/posts\/27050\/revisions\/27052"}],"wp:featuredmedia":[{"embeddable":true,"href":"https:\/\/diariorepublica.com.ar\/web\/index.php\/wp-json\/wp\/v2\/media\/27051"}],"wp:attachment":[{"href":"https:\/\/diariorepublica.com.ar\/web\/index.php\/wp-json\/wp\/v2\/media?parent=27050"}],"wp:term":[{"taxonomy":"category","embeddable":true,"href":"https:\/\/diariorepublica.com.ar\/web\/index.php\/wp-json\/wp\/v2\/categories?post=27050"},{"taxonomy":"post_tag","embeddable":true,"href":"https:\/\/diariorepublica.com.ar\/web\/index.php\/wp-json\/wp\/v2\/tags?post=27050"}],"curies":[{"name":"wp","href":"https:\/\/api.w.org\/{rel}","templated":true}]}}