{"id":27056,"date":"2025-10-13T09:27:00","date_gmt":"2025-10-13T12:27:00","guid":{"rendered":"https:\/\/diariorepublica.com.ar\/web\/?p=27056"},"modified":"2025-10-13T17:28:53","modified_gmt":"2025-10-13T20:28:53","slug":"finde-largo-en-catamarca-65-de-ocupacion-hotelera-y-un-impacto-de-1-759-millones","status":"publish","type":"post","link":"https:\/\/diariorepublica.com.ar\/web\/index.php\/locales\/2025\/10\/13\/finde-largo-en-catamarca-65-de-ocupacion-hotelera-y-un-impacto-de-1-759-millones\/","title":{"rendered":"Finde largo en Catamarca: 65% de ocupaci\u00f3n hotelera y un impacto de $1.759 millones"},"content":{"rendered":"<p>El fin de semana largo de octubre dej\u00f3 un saldo positivo en materia tur\u00edstica para Catamarca que viene sosteniendo la demanda y logrando mantenerse como un destino atractivo a lo largo del a\u00f1o.<\/p>\n<p>Un 65% de ocupaci\u00f3n hotelera arroj\u00f3 la medici\u00f3n promedio provincial que realiza la Direcci\u00f3n de Calidad Tur\u00edstica dependiente del Ministerio de Turismo, Cultura y Deporte para el fin de semana, tras relevar datos de municipios y del sector privado. En San Fernando del Valle, la capital provincial y donde existe la mayor cantidad de plazas, la ocupaci\u00f3n fue del 51%.<\/p>\n<p>El n\u00famero de visitantes fue de 14.595, con una estad\u00eda promedio de 2 noches, lo que dej\u00f3 un impacto econ\u00f3mico de $1.759 millones, distribuidos en toda la cadena de valor del turismo que contempla no solo hoteler\u00eda y gastronom\u00eda, sino tambi\u00e9n transporte, comercio y servicios tur\u00edsticos.<\/p>\n<p>\u201cEstamos con una demanda sostenida, sobre todo en nuestros destinos imperdibles, y algo que se viene viendo fuerte este mes y el anterior es la llegada de grupos y contingentes numerosos, m\u00e1s all\u00e1 de los viajeros particulares que siempre llegan a Catamarca. Tambi\u00e9n los vuelos que llegan a la provincia tienen una alta ocupaci\u00f3n de turistas. Todo eso nos marca algo importante: que Catamarca sigue posicion\u00e1ndose como un destino atractivo que las agencias ofrecen a sus clientes\u201d, manifest\u00f3 la secretaria de Gesti\u00f3n Tur\u00edstica, Evangelina Quar\u00edn.<\/p>\n<p>En el mapa nacional<\/p>\n<p>A nivel nacional, el movimiento tur\u00edstico asociado al fin de semana largo del 12 de octubre arroj\u00f3 cifras de 1.440.000 visitantes recorriendo el pa\u00eds, con un gasto promedio diario por persona de 91.190 pesos y una inversi\u00f3n total de 262.627 millones de pesos, con base en datos de la CAME.<\/p>\n<p>El n\u00famero de turistas da cuenta de un aumento de 2,1 por ciento en relaci\u00f3n con el mismo feriado del a\u00f1o pasado, de acuerdo con el informe de esta instituci\u00f3n, que adem\u00e1s calcul\u00f3 la estad\u00eda promedio en 2 noches; en tanto el Observatorio Argentino de Turismo de la C\u00e1mara Argentina de Turismo (CAT), que mide las reservas, estim\u00f3 ese mismo dato en 2,3 d\u00edas.<\/p>\n","protected":false},"excerpt":{"rendered":"<p>El fin de semana largo de octubre dej\u00f3 un saldo positivo en materia tur\u00edstica para Catamarca que viene sosteniendo la<\/p>\n","protected":false},"author":1,"featured_media":27057,"comment_status":"closed","ping_status":"closed","sticky":false,"template":"","format":"standard","meta":{"footnotes":"","jetpack_publicize_message":"","jetpack_publicize_feature_enabled":true,"jetpack_social_post_already_shared":true,"jetpack_social_options":{"image_generator_settings":{"template":"highway","enabled":false},"version":2}},"categories":[2],"tags":[],"class_list":["post-27056","post","type-post","status-publish","format-standard","has-post-thumbnail","hentry","category-locales"],"jetpack_publicize_connections":[],"_links":{"self":[{"href":"https:\/\/diariorepublica.com.ar\/web\/index.php\/wp-json\/wp\/v2\/posts\/27056"}],"collection":[{"href":"https:\/\/diariorepublica.com.ar\/web\/index.php\/wp-json\/wp\/v2\/posts"}],"about":[{"href":"https:\/\/diariorepublica.com.ar\/web\/index.php\/wp-json\/wp\/v2\/types\/post"}],"author":[{"embeddable":true,"href":"https:\/\/diariorepublica.com.ar\/web\/index.php\/wp-json\/wp\/v2\/users\/1"}],"replies":[{"embeddable":true,"href":"https:\/\/diariorepublica.com.ar\/web\/index.php\/wp-json\/wp\/v2\/comments?post=27056"}],"version-history":[{"count":1,"href":"https:\/\/diariorepublica.com.ar\/web\/index.php\/wp-json\/wp\/v2\/posts\/27056\/revisions"}],"predecessor-version":[{"id":27058,"href":"https:\/\/diariorepublica.com.ar\/web\/index.php\/wp-json\/wp\/v2\/posts\/27056\/revisions\/27058"}],"wp:featuredmedia":[{"embeddable":true,"href":"https:\/\/diariorepublica.com.ar\/web\/index.php\/wp-json\/wp\/v2\/media\/27057"}],"wp:attachment":[{"href":"https:\/\/diariorepublica.com.ar\/web\/index.php\/wp-json\/wp\/v2\/media?parent=27056"}],"wp:term":[{"taxonomy":"category","embeddable":true,"href":"https:\/\/diariorepublica.com.ar\/web\/index.php\/wp-json\/wp\/v2\/categories?post=27056"},{"taxonomy":"post_tag","embeddable":true,"href":"https:\/\/diariorepublica.com.ar\/web\/index.php\/wp-json\/wp\/v2\/tags?post=27056"}],"curies":[{"name":"wp","href":"https:\/\/api.w.org\/{rel}","templated":true}]}}