{"id":27059,"date":"2025-10-13T17:30:07","date_gmt":"2025-10-13T20:30:07","guid":{"rendered":"https:\/\/diariorepublica.com.ar\/web\/?p=27059"},"modified":"2025-10-13T17:30:09","modified_gmt":"2025-10-13T20:30:09","slug":"feria-del-libro-2025-convocatoria-para-presentar-libros","status":"publish","type":"post","link":"https:\/\/diariorepublica.com.ar\/web\/index.php\/sociedad\/2025\/10\/13\/feria-del-libro-2025-convocatoria-para-presentar-libros\/","title":{"rendered":"Feria del Libro 2025: convocatoria para presentar libros"},"content":{"rendered":"<p>El Ministerio de Cultura, Turismo y Deporte de Catamarca convoca a autoras y autores de libros interesados en realizar presentaciones en el marco de la 17\u00ba Feria Provincial del Libro a presentar sus propuestas.<\/p>\n<p>La convocatoria es exclusiva para presentaciones de libros de reciente publicaci\u00f3n, a fin de integrar la programaci\u00f3n de la feria, que tendr\u00e1 lugar del 6 al 9 de noviembre en CATA, Centro de Arte y Tecnolog\u00eda Aplicada.<\/p>\n<p>Hasta el 17 de octubre est\u00e1 abierta la posibilidad de presentar propuestas, a trav\u00e9s del correo electr\u00f3nico feriadelibrocatamarca@gmail.com<\/p>\n<p>La Feria del Libro 2025 se realizar\u00e1 bajo el lema \u201cLos libros, portales infinitos\u201d y reunir\u00e1 a autores, editoriales y lectores en torno a propuestas vinculadas al universo literario.<\/p>\n","protected":false},"excerpt":{"rendered":"<p>El Ministerio de Cultura, Turismo y Deporte de Catamarca convoca a autoras y autores de libros interesados en realizar presentaciones<\/p>\n","protected":false},"author":1,"featured_media":27060,"comment_status":"closed","ping_status":"closed","sticky":false,"template":"","format":"standard","meta":{"footnotes":"","jetpack_publicize_message":"","jetpack_publicize_feature_enabled":true,"jetpack_social_post_already_shared":true,"jetpack_social_options":{"image_generator_settings":{"template":"highway","enabled":false},"version":2}},"categories":[3],"tags":[],"class_list":["post-27059","post","type-post","status-publish","format-standard","has-post-thumbnail","hentry","category-sociedad"],"jetpack_publicize_connections":[],"_links":{"self":[{"href":"https:\/\/diariorepublica.com.ar\/web\/index.php\/wp-json\/wp\/v2\/posts\/27059"}],"collection":[{"href":"https:\/\/diariorepublica.com.ar\/web\/index.php\/wp-json\/wp\/v2\/posts"}],"about":[{"href":"https:\/\/diariorepublica.com.ar\/web\/index.php\/wp-json\/wp\/v2\/types\/post"}],"author":[{"embeddable":true,"href":"https:\/\/diariorepublica.com.ar\/web\/index.php\/wp-json\/wp\/v2\/users\/1"}],"replies":[{"embeddable":true,"href":"https:\/\/diariorepublica.com.ar\/web\/index.php\/wp-json\/wp\/v2\/comments?post=27059"}],"version-history":[{"count":1,"href":"https:\/\/diariorepublica.com.ar\/web\/index.php\/wp-json\/wp\/v2\/posts\/27059\/revisions"}],"predecessor-version":[{"id":27061,"href":"https:\/\/diariorepublica.com.ar\/web\/index.php\/wp-json\/wp\/v2\/posts\/27059\/revisions\/27061"}],"wp:featuredmedia":[{"embeddable":true,"href":"https:\/\/diariorepublica.com.ar\/web\/index.php\/wp-json\/wp\/v2\/media\/27060"}],"wp:attachment":[{"href":"https:\/\/diariorepublica.com.ar\/web\/index.php\/wp-json\/wp\/v2\/media?parent=27059"}],"wp:term":[{"taxonomy":"category","embeddable":true,"href":"https:\/\/diariorepublica.com.ar\/web\/index.php\/wp-json\/wp\/v2\/categories?post=27059"},{"taxonomy":"post_tag","embeddable":true,"href":"https:\/\/diariorepublica.com.ar\/web\/index.php\/wp-json\/wp\/v2\/tags?post=27059"}],"curies":[{"name":"wp","href":"https:\/\/api.w.org\/{rel}","templated":true}]}}