{"id":27065,"date":"2025-10-13T14:34:00","date_gmt":"2025-10-13T17:34:00","guid":{"rendered":"https:\/\/diariorepublica.com.ar\/web\/?p=27065"},"modified":"2025-10-13T17:36:11","modified_gmt":"2025-10-13T20:36:11","slug":"eeuu-qatar-turquia-y-egipto-firmaron-el-acuerdo-para-poner-fin-a-la-guerra-en-gaza","status":"publish","type":"post","link":"https:\/\/diariorepublica.com.ar\/web\/index.php\/internacionales\/2025\/10\/13\/eeuu-qatar-turquia-y-egipto-firmaron-el-acuerdo-para-poner-fin-a-la-guerra-en-gaza\/","title":{"rendered":"EEUU, Qatar, Turqu\u00eda y Egipto firmaron el acuerdo para poner fin a la guerra en Gaza"},"content":{"rendered":"<article class=\"article-body article-body--first-paragraph content-protected-false\" data-td-script-src=\"https:\/\/www.ambito.com\/td\/modulos\/encuestas\/js\/function-embeds-min-version-1760328404.js\">\n<p data-start=\"370\" data-end=\"697\">El presidente de Estados Unidos, Donald Trump, y los l\u00edderes de<strong>\u00a0Qatar, Turqu\u00eda y Egipto<\/strong>\u00a0firmaron este lunes en la ciudad egipcia de<strong>\u00a0Sharm el Sheij\u00a0<\/strong>el acuerdo que pone fin a m\u00e1s de<strong>\u00a0dos a\u00f1os de enfrentamientos entre Israel y Ham\u00e1s.<\/strong>\u00a0La cumbre, reuni\u00f3 a una veintena de l\u00edderes mundiales y marc\u00f3 un punto de inflexi\u00f3n para la regi\u00f3n.<\/p>\n<\/article>\n<article class=\"article-body article-body--second-paragraph content-protected-false\">El presidente de Egipto dijo: \u201cQueremos consolidar y sostener el alto el fuego en Gaza\u201d<\/p>\n<p>El presidente egipcio,<strong>\u00a0Abdelfatah al Sisi<\/strong>, declar\u00f3 que su pa\u00eds y Estados Unidos buscan<strong>\u00a0\u201cconsolidar y sostener el alto el fuego\u201d<\/strong>\u00a0en Gaza. Durante breves declaraciones junto a Trump, agradeci\u00f3 la<strong>\u00a0\u201ccapacidad\u201d\u00a0<\/strong>del mandatario estadounidense para\u00a0<strong>\u201clograr el acuerdo sobre Gaza\u201d y valor\u00f3 \u201csu logro sin precedentes\u201d.<\/strong>\u00a0\u201cUsted es el \u00fanico que puede lograr la paz en la regi\u00f3n\u201d, se\u00f1al\u00f3.<\/p>\n<article class=\"article-body article-body--fourth-paragraph content-protected-false\">\n<p data-start=\"955\" data-end=\"1282\">Donald Trump rubric\u00f3 el pacto junto al emir de Qatar, Tamim bin Hamad Al Thani, y los mandatarios de Turqu\u00eda, Recep Tayyip Erdogan, y Egipto, Abdelfatah al Sisi. El acuerdo establece un<strong>\u00a0alto el fuego, la retirada progresiva de las tropas israel\u00edes, la entrada de ayuda humanitaria y el intercambio de rehenes por prisioneros.<\/strong><\/p>\n<\/article>\n<article class=\"article-body article-body--fifth-paragraph content-protected-false\">\n<p data-start=\"1284\" data-end=\"1540\">Trump visit\u00f3 previamente Israel y, ante el Parlamento, asegur\u00f3 que el acuerdo marca \u201c<strong>el comienzo de la era dorada de Israel y Oriente Pr\u00f3ximo\u201d.\u00a0<\/strong>Benjam\u00edn Netanyahu, que no viaj\u00f3 a Egipto, destac\u00f3 que Trump fue\u00a0<strong>\u201cdeterminante para la vuelta de los rehenes\u201d.<\/strong><\/p>\n<\/article>\n<article class=\"article-body article-body--remaining-paragraph content-protected-false\">\n<p data-start=\"2025\" data-end=\"2335\">Desde la semana pasada se implementa<strong>\u00a0la primera fase del pacto,<\/strong>\u00a0que contempla la retirada gradual de las fuerzas israel\u00edes, la entrada masiva de<strong>\u00a0ayuda humanitaria y el intercambio de rehenes por prisioneros.<\/strong>\u00a0Esta ma\u00f1ana,\u00a0Ham\u00e1s complet\u00f3 la entrega de los \u00faltimos 20 rehenes israel\u00edes que permanec\u00edan con vida.<\/p>\n<p data-start=\"2337\" data-end=\"2589\">En la segunda fase, ya en negociaci\u00f3n, se abordar\u00e1n la reconstrucci\u00f3n del enclave, el desarme de Ham\u00e1s y la gobernanza de la Franja, buscando establecer una paz sostenible y frenar la violencia que ha devastado la regi\u00f3n durante los \u00faltimos dos a\u00f1os.<\/p>\n<\/article>\n<\/article>\n","protected":false},"excerpt":{"rendered":"<p>El presidente de Estados Unidos, Donald Trump, y los l\u00edderes de\u00a0Qatar, Turqu\u00eda y Egipto\u00a0firmaron este lunes en la ciudad egipcia<\/p>\n","protected":false},"author":1,"featured_media":27066,"comment_status":"closed","ping_status":"closed","sticky":false,"template":"","format":"standard","meta":{"footnotes":"","jetpack_publicize_message":"","jetpack_publicize_feature_enabled":true,"jetpack_social_post_already_shared":true,"jetpack_social_options":{"image_generator_settings":{"template":"highway","enabled":false},"version":2}},"categories":[6],"tags":[],"class_list":["post-27065","post","type-post","status-publish","format-standard","has-post-thumbnail","hentry","category-internacionales"],"jetpack_publicize_connections":[],"_links":{"self":[{"href":"https:\/\/diariorepublica.com.ar\/web\/index.php\/wp-json\/wp\/v2\/posts\/27065"}],"collection":[{"href":"https:\/\/diariorepublica.com.ar\/web\/index.php\/wp-json\/wp\/v2\/posts"}],"about":[{"href":"https:\/\/diariorepublica.com.ar\/web\/index.php\/wp-json\/wp\/v2\/types\/post"}],"author":[{"embeddable":true,"href":"https:\/\/diariorepublica.com.ar\/web\/index.php\/wp-json\/wp\/v2\/users\/1"}],"replies":[{"embeddable":true,"href":"https:\/\/diariorepublica.com.ar\/web\/index.php\/wp-json\/wp\/v2\/comments?post=27065"}],"version-history":[{"count":1,"href":"https:\/\/diariorepublica.com.ar\/web\/index.php\/wp-json\/wp\/v2\/posts\/27065\/revisions"}],"predecessor-version":[{"id":27067,"href":"https:\/\/diariorepublica.com.ar\/web\/index.php\/wp-json\/wp\/v2\/posts\/27065\/revisions\/27067"}],"wp:featuredmedia":[{"embeddable":true,"href":"https:\/\/diariorepublica.com.ar\/web\/index.php\/wp-json\/wp\/v2\/media\/27066"}],"wp:attachment":[{"href":"https:\/\/diariorepublica.com.ar\/web\/index.php\/wp-json\/wp\/v2\/media?parent=27065"}],"wp:term":[{"taxonomy":"category","embeddable":true,"href":"https:\/\/diariorepublica.com.ar\/web\/index.php\/wp-json\/wp\/v2\/categories?post=27065"},{"taxonomy":"post_tag","embeddable":true,"href":"https:\/\/diariorepublica.com.ar\/web\/index.php\/wp-json\/wp\/v2\/tags?post=27065"}],"curies":[{"name":"wp","href":"https:\/\/api.w.org\/{rel}","templated":true}]}}