{"id":2727,"date":"2023-05-12T11:04:41","date_gmt":"2023-05-12T14:04:41","guid":{"rendered":"https:\/\/diariorepublica.com.ar\/web\/?p=2727"},"modified":"2023-05-12T11:04:42","modified_gmt":"2023-05-12T14:04:42","slug":"energia-electrica-reunion-por-la-revision-tarifaria-integral","status":"publish","type":"post","link":"https:\/\/diariorepublica.com.ar\/web\/index.php\/sociedad\/2023\/05\/12\/energia-electrica-reunion-por-la-revision-tarifaria-integral\/","title":{"rendered":"ENERG\u00cdA EL\u00c9CTRICA: REUNI\u00d3N POR LA REVISI\u00d3N TARIFARIA INTEGRAL"},"content":{"rendered":"<p style=\"font-weight: 400;\">Se llev\u00f3 a cabo d\u00edas atr\u00e1s en las oficinas del Ente Regulador de Servicios P\u00fablicos de Catamarca una reuni\u00f3n con el prop\u00f3sito de avanzar en los requerimientos y formato de la informaci\u00f3n comercial y t\u00e9cnica solicitada oportunamente a la empresa EC SAPEM en el marco del inicio de los estudios de la Revisi\u00f3n Tarifaria Integral (RTI) del servicio de energ\u00eda el\u00e9ctrica.<\/p>\n<p style=\"font-weight: 400;\">Asimismo, en el encuentro se abord\u00f3 el avance de la campa\u00f1a de medici\u00f3n que definir\u00e1 la caracterizaci\u00f3n de la demanda de los usuarios de la provincia de Catamarca.<\/p>\n<p style=\"font-weight: 400;\">Por el En.Re. participaron de la reuni\u00f3n integrantes de las \u00e1reas de Control de Calidad; de Tarifas y Costos del Servicio de Energ\u00eda El\u00e9ctrica, y \u00c1rea T\u00e9cnica; mientras que tambi\u00e9n estuvieron presentes ejecutivos de la empresa EC SAPEM; y de manera virtual lo hicieron representantes de dos consultoras especialistas, contratadas por ambas partes.<\/p>\n","protected":false},"excerpt":{"rendered":"<p>Se llev\u00f3 a cabo d\u00edas atr\u00e1s en las oficinas del Ente Regulador de Servicios P\u00fablicos de Catamarca una reuni\u00f3n con<\/p>\n","protected":false},"author":1,"featured_media":2729,"comment_status":"closed","ping_status":"closed","sticky":false,"template":"","format":"standard","meta":{"footnotes":"","jetpack_publicize_message":"","jetpack_publicize_feature_enabled":true,"jetpack_social_post_already_shared":false,"jetpack_social_options":{"image_generator_settings":{"template":"highway","enabled":false},"version":2}},"categories":[3],"tags":[],"class_list":["post-2727","post","type-post","status-publish","format-standard","has-post-thumbnail","hentry","category-sociedad"],"jetpack_publicize_connections":[],"_links":{"self":[{"href":"https:\/\/diariorepublica.com.ar\/web\/index.php\/wp-json\/wp\/v2\/posts\/2727"}],"collection":[{"href":"https:\/\/diariorepublica.com.ar\/web\/index.php\/wp-json\/wp\/v2\/posts"}],"about":[{"href":"https:\/\/diariorepublica.com.ar\/web\/index.php\/wp-json\/wp\/v2\/types\/post"}],"author":[{"embeddable":true,"href":"https:\/\/diariorepublica.com.ar\/web\/index.php\/wp-json\/wp\/v2\/users\/1"}],"replies":[{"embeddable":true,"href":"https:\/\/diariorepublica.com.ar\/web\/index.php\/wp-json\/wp\/v2\/comments?post=2727"}],"version-history":[{"count":1,"href":"https:\/\/diariorepublica.com.ar\/web\/index.php\/wp-json\/wp\/v2\/posts\/2727\/revisions"}],"predecessor-version":[{"id":2730,"href":"https:\/\/diariorepublica.com.ar\/web\/index.php\/wp-json\/wp\/v2\/posts\/2727\/revisions\/2730"}],"wp:featuredmedia":[{"embeddable":true,"href":"https:\/\/diariorepublica.com.ar\/web\/index.php\/wp-json\/wp\/v2\/media\/2729"}],"wp:attachment":[{"href":"https:\/\/diariorepublica.com.ar\/web\/index.php\/wp-json\/wp\/v2\/media?parent=2727"}],"wp:term":[{"taxonomy":"category","embeddable":true,"href":"https:\/\/diariorepublica.com.ar\/web\/index.php\/wp-json\/wp\/v2\/categories?post=2727"},{"taxonomy":"post_tag","embeddable":true,"href":"https:\/\/diariorepublica.com.ar\/web\/index.php\/wp-json\/wp\/v2\/tags?post=2727"}],"curies":[{"name":"wp","href":"https:\/\/api.w.org\/{rel}","templated":true}]}}