{"id":2740,"date":"2023-05-12T13:46:00","date_gmt":"2023-05-12T16:46:00","guid":{"rendered":"https:\/\/diariorepublica.com.ar\/web\/?p=2740"},"modified":"2023-05-12T17:47:02","modified_gmt":"2023-05-12T20:47:02","slug":"exitoso-curso-taller-sobre-diversidad-deporte-inclusivo-y-alto-rendimiento-en-el-deporte-adaptado","status":"publish","type":"post","link":"https:\/\/diariorepublica.com.ar\/web\/index.php\/sociedad\/2023\/05\/12\/exitoso-curso-taller-sobre-diversidad-deporte-inclusivo-y-alto-rendimiento-en-el-deporte-adaptado\/","title":{"rendered":"Exitoso curso taller sobre Diversidad, deporte inclusivo y alto rendimiento en el deporte adaptado"},"content":{"rendered":"<p>Con una importante participaci\u00f3n, el 9 y 10 de mayo se llev\u00f3 adelante el curso taller \u201cDiversidad, deporte inclusivo y alto rendimiento en el deporte adaptado\u201d: Aportes t\u00e9cnicos para el \u00e1mbito educativo\u201d.<\/p>\n<p>El mismo tuvo lugar en el Polideportivo del barrio 920 viviendas y cont\u00f3 con exposici\u00f3n del lic. en Psicolog\u00eda formado en Deporte y Discapacidad, Eduardo Daniel Fern\u00e1ndez; y el lic. en Educaci\u00f3n F\u00edsica formado en Deporte y Discapacidad, Emiliano Ducatenzeiller.<\/p>\n<p>El encuentro agrup\u00f3 a profesores y estudiantes de educaci\u00f3n f\u00edsica, terapistas f\u00edsicos y ocupacionales, psic\u00f3logos, cuerpo t\u00e9cnico, promotores deportivos y otros profesionales y alumnos vinculados a la discapacidad.<\/p>\n<p>La organizaci\u00f3n le correspondi\u00f3 a la Secretar\u00eda de Deportes y Recreaci\u00f3n de la Provincia del Ministerio de Cultura, Turismo y Deporte, a trav\u00e9s de la Direcci\u00f3n de Capacitaci\u00f3n, en forma conjunta con el Ministerio de Educaci\u00f3n por mediaci\u00f3n de la Direcci\u00f3n de Educaci\u00f3n F\u00edsica, Salud, Deporte y Recreaci\u00f3n.<\/p>\n","protected":false},"excerpt":{"rendered":"<p>Con una importante participaci\u00f3n, el 9 y 10 de mayo se llev\u00f3 adelante el curso taller \u201cDiversidad, deporte inclusivo y<\/p>\n","protected":false},"author":1,"featured_media":2741,"comment_status":"closed","ping_status":"closed","sticky":false,"template":"","format":"standard","meta":{"footnotes":"","jetpack_publicize_message":"","jetpack_publicize_feature_enabled":true,"jetpack_social_post_already_shared":false,"jetpack_social_options":{"image_generator_settings":{"template":"highway","enabled":false},"version":2}},"categories":[3],"tags":[],"class_list":["post-2740","post","type-post","status-publish","format-standard","has-post-thumbnail","hentry","category-sociedad"],"jetpack_publicize_connections":[],"_links":{"self":[{"href":"https:\/\/diariorepublica.com.ar\/web\/index.php\/wp-json\/wp\/v2\/posts\/2740"}],"collection":[{"href":"https:\/\/diariorepublica.com.ar\/web\/index.php\/wp-json\/wp\/v2\/posts"}],"about":[{"href":"https:\/\/diariorepublica.com.ar\/web\/index.php\/wp-json\/wp\/v2\/types\/post"}],"author":[{"embeddable":true,"href":"https:\/\/diariorepublica.com.ar\/web\/index.php\/wp-json\/wp\/v2\/users\/1"}],"replies":[{"embeddable":true,"href":"https:\/\/diariorepublica.com.ar\/web\/index.php\/wp-json\/wp\/v2\/comments?post=2740"}],"version-history":[{"count":1,"href":"https:\/\/diariorepublica.com.ar\/web\/index.php\/wp-json\/wp\/v2\/posts\/2740\/revisions"}],"predecessor-version":[{"id":2742,"href":"https:\/\/diariorepublica.com.ar\/web\/index.php\/wp-json\/wp\/v2\/posts\/2740\/revisions\/2742"}],"wp:featuredmedia":[{"embeddable":true,"href":"https:\/\/diariorepublica.com.ar\/web\/index.php\/wp-json\/wp\/v2\/media\/2741"}],"wp:attachment":[{"href":"https:\/\/diariorepublica.com.ar\/web\/index.php\/wp-json\/wp\/v2\/media?parent=2740"}],"wp:term":[{"taxonomy":"category","embeddable":true,"href":"https:\/\/diariorepublica.com.ar\/web\/index.php\/wp-json\/wp\/v2\/categories?post=2740"},{"taxonomy":"post_tag","embeddable":true,"href":"https:\/\/diariorepublica.com.ar\/web\/index.php\/wp-json\/wp\/v2\/tags?post=2740"}],"curies":[{"name":"wp","href":"https:\/\/api.w.org\/{rel}","templated":true}]}}