{"id":2752,"date":"2023-05-12T21:34:00","date_gmt":"2023-05-13T00:34:00","guid":{"rendered":"https:\/\/diariorepublica.com.ar\/web\/?p=2752"},"modified":"2023-05-12T18:35:33","modified_gmt":"2023-05-12T21:35:33","slug":"el-acceso-principal-a-la-higuera-fue-totalmente-asfaltado","status":"publish","type":"post","link":"https:\/\/diariorepublica.com.ar\/web\/index.php\/sociedad\/2023\/05\/12\/el-acceso-principal-a-la-higuera-fue-totalmente-asfaltado\/","title":{"rendered":"El acceso principal a La Higuera fue totalmente asfaltado"},"content":{"rendered":"<p>El gobernador Ra\u00fal Jalil, junto al intendente de Pacl\u00edn, Eduardo Menecier, dejaron inaugurado el nuevo asfaltado en el acceso principal a la localidad de La Higuera. Adem\u00e1s, provincia y municipio trabajar\u00e1n en un proyecto para extender la red de fibra \u00f3ptica en esa localidad.<\/p>\n<p>Durante la inauguraci\u00f3n de la obra estuvieron presentes el ministro de Infraestructura y Obras Civiles, Eduardo Niederle; la senadora Provincial por Pacl\u00edn, Virginia del Arco; el intendente de Tinogasta, Sebasti\u00e1n N\u00f3blega; el administrador de Vialidad Provincial, Lucas Poliche, entre otras autoridades.<\/p>\n<p>La intervenci\u00f3n fue realizada por Vialidad Provincial y el Ministerio de Infraestructura y Obras Civiles, y const\u00f3 de la obra b\u00e1sica y pavimentaci\u00f3n de 2.500 metros en la calle principal de la localidad de La Higuera. Tambi\u00e9n se instal\u00f3 se\u00f1alizaci\u00f3n horizontal y vertical en el tramo. La obra se llev\u00f3 a cabo gracias a un convenio rubricado entre el municipio y Vialidad.<\/p>\n<p>En la ocasi\u00f3n, el primer mandatario provincial y el intendente Menecier dialogaron sobre una importante obra para llevar conectividad para la localidad paclinense que actualmente no cuenta con el servicio. En este marco, el municipio trabajar\u00e1 en un proyecto para ejecutar la extensi\u00f3n de la fibra \u00f3ptica desde La Merced (pasando por Balcozna) hasta La Higuera donde se beneficiar\u00e1n todos los habitantes y, especialmente, la comunidad educativa, que podr\u00e1 tener acceso a este servicio fundamental en esta \u00e9poca digital.<\/p>\n<p>El\u00a0<strong>Gobernador<\/strong>\u00a0manifest\u00f3 su satisfacci\u00f3n porque un nuevo pueblo del interior cuenta con caminos \u00f3ptimos que mejoran el acceso y circulaci\u00f3n para sus habitantes y turistas. \u201cEsto hay que entenderlo como un proyecto pol\u00edtico en el cual venimos trabajando con Eduardo, con Virginia, con Luc\u00eda. Hace 11 a\u00f1os Vialidad no ten\u00eda maquinaria, y gracias a nuestro proyecto pol\u00edtico empezamos a equipar para que hoy muchos pueblos del interior puedan tener su asfalto\u201d, afirm\u00f3 Ra\u00fal.<\/p>\n<p>Y destac\u00f3 que \u201cAlberto Fern\u00e1ndez es el presidente que m\u00e1s visit\u00f3 Catamarca y nos apoy\u00f3 con obras hist\u00f3ricas como el Gasoducto. Esa obra le va a permitir a cada habitante de Pacl\u00edn, dentro de un par de a\u00f1os, tener gas natural\u201d.<\/p>\n<p>A su turno, el<strong>\u00a0intendente Eduardo Menecier<\/strong>\u00a0asegur\u00f3 que \u201cen campa\u00f1a nos pidieron el asfalto y trabajamos en conjunto con nuestro Gobernador para cumplir esa promesa. Siempre lo digo, \u00e9l trabaja principalmente en el interior del interior provincial con obras para mejorar la calidad de vida de la gente. Gracias a Ra\u00fal hicimos m\u00e1s obras que las \u00faltimas gestiones municipales y le agradecemos por seguir cumpliendo los sue\u00f1os de cada paclinense\u201d.<\/p>\n<p>La senadora provincial,\u00a0<strong>Virginia Del Arco<\/strong>, expres\u00f3 tras la inauguraci\u00f3n: \u201ceste asfaltado permitir\u00e1 y facilitar\u00e1 que la gente venga a Pacl\u00edn por turismo, a conocernos, a quedarse en nuestro departamento. A La Higuera hoy le toca estar celebrando esta magn\u00edfica obra, que era un pedido de las vecinas y vecinos hace much\u00edsimo tiempo. Nuestro Gobernador pr\u00e1ctica el federalismo provincial y as\u00ed como en Pacl\u00edn, se ven obras a lo largo y a lo ancho de Catamarca\u201d.<\/p>\n<p>Por \u00faltimo, el intendente de Tinogasta,\u00a0<strong>Sebasti\u00e1n N\u00f3blega,<\/strong>\u00a0quien acompa\u00f1\u00f3 durante el acto, mencion\u00f3: \u201cgracias al gobernador Ra\u00fal Jalil por la alegr\u00eda de estar inaugurando este asfalto en un pueblo del interior, que es importante para su desarrollo. Tenemos un Gobernador que nos escucha, y as\u00ed como acompa\u00f1a a Pacl\u00edn tambi\u00e9n nos acompa\u00f1a a nosotros en Tinogasta\u201d.<\/p>\n<p><strong>Centro Cultural y Tecnol\u00f3gico<\/strong><\/p>\n<p>Durante la visita a Pacl\u00edn, el jefe de Estado y la comitiva oficial visitaron la antigua casa de Wilfrido Figueroa, que est\u00e1 siendo refaccionada para instalar un Centro Cultural y Tecnol\u00f3gico.<\/p>\n<p>Lu\u00eds Galv\u00e1n, secretario de Obras P\u00fablicas de la Municipalidad de Pacl\u00edn, coment\u00f3 que \u201cla idea es recuperar esta casa porque es hist\u00f3rica, ya que fue una de las primeras de esta cabecera departamental. La idea es hacer un espacio para mostrar la historia de todo el departamento, manteniendo toda la construcci\u00f3n de la \u00e9poca\u201d.<\/p>\n<p>Actualmente se est\u00e1n realizando refacciones en el sector del s\u00f3tano, ba\u00f1os nuevos, espacios multifunci\u00f3n, oficinas, entre otros, con el objetivo de recuperar la casa, ponerla en valor y darle una utilidad cultural.<\/p>\n","protected":false},"excerpt":{"rendered":"<p>El gobernador Ra\u00fal Jalil, junto al intendente de Pacl\u00edn, Eduardo Menecier, dejaron inaugurado el nuevo asfaltado en el acceso principal<\/p>\n","protected":false},"author":1,"featured_media":2753,"comment_status":"closed","ping_status":"closed","sticky":false,"template":"","format":"standard","meta":{"footnotes":"","jetpack_publicize_message":"","jetpack_publicize_feature_enabled":true,"jetpack_social_post_already_shared":false,"jetpack_social_options":{"image_generator_settings":{"template":"highway","enabled":false},"version":2}},"categories":[3],"tags":[],"class_list":["post-2752","post","type-post","status-publish","format-standard","has-post-thumbnail","hentry","category-sociedad"],"jetpack_publicize_connections":[],"_links":{"self":[{"href":"https:\/\/diariorepublica.com.ar\/web\/index.php\/wp-json\/wp\/v2\/posts\/2752"}],"collection":[{"href":"https:\/\/diariorepublica.com.ar\/web\/index.php\/wp-json\/wp\/v2\/posts"}],"about":[{"href":"https:\/\/diariorepublica.com.ar\/web\/index.php\/wp-json\/wp\/v2\/types\/post"}],"author":[{"embeddable":true,"href":"https:\/\/diariorepublica.com.ar\/web\/index.php\/wp-json\/wp\/v2\/users\/1"}],"replies":[{"embeddable":true,"href":"https:\/\/diariorepublica.com.ar\/web\/index.php\/wp-json\/wp\/v2\/comments?post=2752"}],"version-history":[{"count":1,"href":"https:\/\/diariorepublica.com.ar\/web\/index.php\/wp-json\/wp\/v2\/posts\/2752\/revisions"}],"predecessor-version":[{"id":2754,"href":"https:\/\/diariorepublica.com.ar\/web\/index.php\/wp-json\/wp\/v2\/posts\/2752\/revisions\/2754"}],"wp:featuredmedia":[{"embeddable":true,"href":"https:\/\/diariorepublica.com.ar\/web\/index.php\/wp-json\/wp\/v2\/media\/2753"}],"wp:attachment":[{"href":"https:\/\/diariorepublica.com.ar\/web\/index.php\/wp-json\/wp\/v2\/media?parent=2752"}],"wp:term":[{"taxonomy":"category","embeddable":true,"href":"https:\/\/diariorepublica.com.ar\/web\/index.php\/wp-json\/wp\/v2\/categories?post=2752"},{"taxonomy":"post_tag","embeddable":true,"href":"https:\/\/diariorepublica.com.ar\/web\/index.php\/wp-json\/wp\/v2\/tags?post=2752"}],"curies":[{"name":"wp","href":"https:\/\/api.w.org\/{rel}","templated":true}]}}