{"id":27650,"date":"2025-11-17T06:00:00","date_gmt":"2025-11-17T09:00:00","guid":{"rendered":"https:\/\/diariorepublica.com.ar\/web\/?p=27650"},"modified":"2025-11-17T08:14:13","modified_gmt":"2025-11-17T11:14:13","slug":"chile-jara-se-impuso-sobre-kast-por-escaso-margen-y-habra-segunda-vuelta","status":"publish","type":"post","link":"https:\/\/diariorepublica.com.ar\/web\/index.php\/internacionales\/2025\/11\/17\/chile-jara-se-impuso-sobre-kast-por-escaso-margen-y-habra-segunda-vuelta\/","title":{"rendered":"Chile: Jara se impuso sobre Kast por escaso margen y habr\u00e1 segunda vuelta"},"content":{"rendered":"<p>La candidata del oficialismo chileno<strong>\u00a0Jeannete Jara se impuso en las elecciones presidenciales por escaso margen sobre el republicano Jos\u00e9 Antonio Kast,<\/strong>\u00a0por lo que ambos se enfrentar\u00e1n en el balotaje.<\/p>\n<p>La contienda est\u00e1 prevista para el pr\u00f3ximo<strong>\u00a014 de diciembre,<\/strong>\u00a0cuando se conocer\u00e1 qui\u00e9n es el sucesor del actual mandatario<strong>\u00a0Gabriel Boric.<\/strong><\/p>\n<p>Con el 71,1% de las mesas escrutadas, la postulante oficialista alcanzaba el<strong>\u00a026,6\u00a0<\/strong>por ciento de los votos, mientras que Kast llegaba al\u00a0<strong>24,19.<\/strong><\/p>\n<p>En tanto, en tercer lugar se ubic\u00f3<strong>\u00a0Franco Parisi,\u00a0<\/strong>del Partido de la Gente, con 19,2 por ciento de los votos.<\/p>\n<p>En los siguientes puestos se ubican<strong>\u00a0Evelyn Matthei, Johannes Kaiser, Harold Mayne-Nicholls, Marco Enr\u00edquez-Ominami, y Eduardo Art\u00e9s.<\/strong><\/p>\n<p><strong>Matthei fue la primera en reconocer la derrota y adelant\u00f3 su respaldo a Kas<\/strong>t para la segunda vuelta electoral.<\/p>\n<p><strong>\u201cVamos al comando de Jos\u00e9 Antonio Kast para felicitarlo\u201d,<\/strong>\u00a0sostuvo Matthei en una declaraci\u00f3n p\u00fablica tras conocerse los primeros resultados oficiales.<\/p>\n<p><strong>K\u00e1iser tambi\u00e9n se expres\u00f3 en ese sentido y confirm\u00f3 su acompa\u00f1amiento al republicano<\/strong>, que se perfila como favorita para quedarse con la victoria.<\/p>\n<h4><\/h4>\n<p>La ex ministra de Trabajo agradeci\u00f3 el respaldo en las elecciones y llam\u00f3 a \u201ccuidar la democracia\u201d.<\/p>\n<p>\u201cEstoy dando la cara y les agradezco que nos acompa\u00f1en dando un mensaje potente, de esperanza y futuro para el pa\u00eds.<strong>\u00a0Creo que Chile es un pa\u00eds grande y no lo podemos olvidar, no dejemos que nos haga creer que no lo somos\u201d,\u00a0<\/strong>resalt\u00f3.<\/p>\n<p>Y enfatiz\u00f3: \u201c<strong>Nuestra patria va a seguir creciendo con todos y todas. La democracia hay que cuidarla y valorarla para que se ponga en riesgo\u201d.<\/strong><\/p>\n<h4><\/h4>\n<p>El candidato republicano llam\u00f3 a\u00a0<strong>un acuerdo de centroderecha de cara al balotaje\u00a0<\/strong>del 14 de diciembre, cuando enfrentar\u00e1 a Jara.<\/p>\n<p>El dirigente de derecha sali\u00f3 segundo en las elecciones de este domingo y, tras celebrar el ingreso a la segunda vuelta, hizo un llamado a\u00a0<strong>\u201cla unidad con los distintos equipos de la centroderecha\u201d.<\/strong><\/p>\n<p>Seg\u00fan dijo, juntos podr\u00e1n<strong>\u00a0\u201crecuperar y reconstruir la patria\u201d,<\/strong>\u00a0al hablar tras conocerse los resultados oficiales.<\/p>\n<p>\u201cChile es mas importante que los partidos y que las personas.<strong>\u00a0Podemos haber tenido diferencias pero no tiene comparaci\u00f3n con lo que tenemos en frente: un muy mal gobierno, tal vez el peor de la historia\u201d<\/strong>, subray\u00f3 Kast.<\/p>\n<p title=\"unu2QA\" data-ipspy=\"unu2QA\">Adem\u00e1s, tras recibir el respaldo de los candidatos de derecha Matthei y K\u00e1iser, enfatiz\u00f3<strong>: \u201cReconstruiremos nuestro pa\u00eds\u201d.<\/strong><\/p>\n","protected":false},"excerpt":{"rendered":"<p>La candidata del oficialismo chileno\u00a0Jeannete Jara se impuso en las elecciones presidenciales por escaso margen sobre el republicano Jos\u00e9 Antonio<\/p>\n","protected":false},"author":1,"featured_media":27651,"comment_status":"closed","ping_status":"closed","sticky":false,"template":"","format":"standard","meta":{"footnotes":"","jetpack_publicize_message":"","jetpack_publicize_feature_enabled":true,"jetpack_social_post_already_shared":true,"jetpack_social_options":{"image_generator_settings":{"template":"highway","enabled":false},"version":2}},"categories":[6],"tags":[],"class_list":["post-27650","post","type-post","status-publish","format-standard","has-post-thumbnail","hentry","category-internacionales"],"jetpack_publicize_connections":[],"_links":{"self":[{"href":"https:\/\/diariorepublica.com.ar\/web\/index.php\/wp-json\/wp\/v2\/posts\/27650"}],"collection":[{"href":"https:\/\/diariorepublica.com.ar\/web\/index.php\/wp-json\/wp\/v2\/posts"}],"about":[{"href":"https:\/\/diariorepublica.com.ar\/web\/index.php\/wp-json\/wp\/v2\/types\/post"}],"author":[{"embeddable":true,"href":"https:\/\/diariorepublica.com.ar\/web\/index.php\/wp-json\/wp\/v2\/users\/1"}],"replies":[{"embeddable":true,"href":"https:\/\/diariorepublica.com.ar\/web\/index.php\/wp-json\/wp\/v2\/comments?post=27650"}],"version-history":[{"count":2,"href":"https:\/\/diariorepublica.com.ar\/web\/index.php\/wp-json\/wp\/v2\/posts\/27650\/revisions"}],"predecessor-version":[{"id":27653,"href":"https:\/\/diariorepublica.com.ar\/web\/index.php\/wp-json\/wp\/v2\/posts\/27650\/revisions\/27653"}],"wp:featuredmedia":[{"embeddable":true,"href":"https:\/\/diariorepublica.com.ar\/web\/index.php\/wp-json\/wp\/v2\/media\/27651"}],"wp:attachment":[{"href":"https:\/\/diariorepublica.com.ar\/web\/index.php\/wp-json\/wp\/v2\/media?parent=27650"}],"wp:term":[{"taxonomy":"category","embeddable":true,"href":"https:\/\/diariorepublica.com.ar\/web\/index.php\/wp-json\/wp\/v2\/categories?post=27650"},{"taxonomy":"post_tag","embeddable":true,"href":"https:\/\/diariorepublica.com.ar\/web\/index.php\/wp-json\/wp\/v2\/tags?post=27650"}],"curies":[{"name":"wp","href":"https:\/\/api.w.org\/{rel}","templated":true}]}}