{"id":27669,"date":"2025-11-17T08:27:04","date_gmt":"2025-11-17T11:27:04","guid":{"rendered":"https:\/\/diariorepublica.com.ar\/web\/?p=27669"},"modified":"2025-11-17T08:27:07","modified_gmt":"2025-11-17T11:27:07","slug":"santilli-avanza-con-las-reuniones-con-gobernadores-y-recibira-al-rionegrino-alberto-weretilneck","status":"publish","type":"post","link":"https:\/\/diariorepublica.com.ar\/web\/index.php\/politica\/2025\/11\/17\/santilli-avanza-con-las-reuniones-con-gobernadores-y-recibira-al-rionegrino-alberto-weretilneck\/","title":{"rendered":"Santilli avanza con las reuniones con gobernadores y recibir\u00e1 al rionegrino Alberto Weretilneck"},"content":{"rendered":"<article class=\"article-body article-body--first-paragraph content-protected-false\" data-td-script-src=\"https:\/\/www.ambito.com\/td\/modulos\/encuestas\/js\/function-embeds-min-version-1763352351.js\">El ministro del Interior,\u00a0<strong>Diego Santilli<\/strong>, continuar\u00e1 esta semana con las\u00a0reuniones con gobernadores provinciales. El lunes ser\u00e1 el turno de el mandatario rionegrino\u00a0<strong>Alberto Weretilneck<\/strong>, que lo visitar\u00e1 en la<strong>\u00a0Casa Rosada<\/strong>\u00a0cerca del mediod\u00eda.<\/p>\n<\/article>\n<article class=\"article-body article-body--second-paragraph content-protected-false\">El resto de los encuentros de la semana no est\u00e1n agendados aunque el funcionario pretende culminar las citas con los diez gobernadores que restan. Por el momento, contin\u00faan fuera de la lista todos los mandatarios del seno peronista:\u00a0<strong>Axel Kicillof (Buenos Aires), Ricardo Quintela (La Rioja), Gildo Insfr\u00e1n (Formosa) y Gustavo Melella (Tierra del Fuego).<\/strong><\/p>\n<article class=\"article-body article-body--third-paragraph content-protected-false\">El objetivo central del flamante ministro de Interior es lograr el\u00a0<strong>respaldo de los mandatarios<\/strong>\u00a0y poder aprobar el proyecto de\u00a0<strong>Presupuesto 2026<\/strong>, que se debatir\u00e1 en el Congreso durante las sesiones extraordinarias. A partir de esta iniciativa, el Gobierno busca mantener su plan de priorizar el equilibrio fiscal. Tambi\u00e9n apuntan a avanzar con las reformas laboral, penal y tributaria.<\/p>\n<\/article>\n<article class=\"article-body article-body--fourth-paragraph content-protected-false\">Los primeros encuentros que mantuvo\u00a0<strong>Santilli<\/strong>\u00a0con los mandatarios provinciales tuvieron como protagonistas a\u00a0<strong>Mart\u00edn Llaryora<\/strong>\u00a0(C\u00f3rdoba),\u00a0<strong>Marcelo Orrego<\/strong>\u00a0(San Juan),\u00a0<strong>Ignacio Torres<\/strong>\u00a0(Chubut),\u00a0<strong>Gustavo S\u00e1enz<\/strong>\u00a0(Salta),\u00a0<strong>Osvaldo Jaldo<\/strong>\u00a0(Tucum\u00e1n),\u00a0<strong>Rolando Figueroa<\/strong>\u00a0(Neuqu\u00e9n),\u00a0<strong>Alfredo Cornejo<\/strong>\u00a0(Mendoza),\u00a0<strong>Carlos Sadir<\/strong>\u00a0(Jujuy),\u00a0<strong>Ra\u00fal Jalil<\/strong>\u00a0(Catamarca) y\u00a0<strong>Rogelio Frigerio\u00a0<\/strong>(Entre R\u00edos).<\/p>\n<\/article>\n<article class=\"article-body article-body--fifth-paragraph content-protected-false\">D\u00edas atr\u00e1s, el ministro de Interior asegur\u00f3 que estas reuniones y recorridas por el pa\u00eds son expresamente por una \u201c<strong>instrucci\u00f3n del presidente Javier Milei<\/strong>\u201d y que tienen como objetivo\u00a0<strong>conocer la agenda de los mandatarios provinciales<\/strong>. El Poder Ejecutivo asegur\u00f3 que las demandas de las provincias se ir\u00e1n atendiendo paulatinamente. Los reclamos centrales de los mandatarios se enfocan en las leyes de\u00a0<strong>nueva distribuci\u00f3n de los ATN<\/strong>\u00a0y del\u00a0<strong>impuesto a los combustibles l\u00edquidos que impulsaron los 24 gobernadores<\/strong><\/p>\n<\/article>\n<article class=\"article-body article-body--remaining-paragraph content-protected-false\">Asimismo, sostuvo que, con estas acciones,\u00a0<strong>Milei pretende mejorar el v\u00ednculo con el interior del pa\u00eds<\/strong>\u00a0y mantener un\u00a0<strong>di\u00e1logo abierto para acordar y trabajar en conjunto<\/strong>.<\/p>\n<p>ambito.com<\/p>\n<\/article>\n<\/article>\n","protected":false},"excerpt":{"rendered":"<p>El ministro del Interior,\u00a0Diego Santilli, continuar\u00e1 esta semana con las\u00a0reuniones con gobernadores provinciales. El lunes ser\u00e1 el turno de el<\/p>\n","protected":false},"author":1,"featured_media":27670,"comment_status":"closed","ping_status":"closed","sticky":false,"template":"","format":"standard","meta":{"footnotes":"","jetpack_publicize_message":"","jetpack_publicize_feature_enabled":true,"jetpack_social_post_already_shared":true,"jetpack_social_options":{"image_generator_settings":{"template":"highway","enabled":false},"version":2}},"categories":[12],"tags":[],"class_list":["post-27669","post","type-post","status-publish","format-standard","has-post-thumbnail","hentry","category-politica"],"jetpack_publicize_connections":[],"_links":{"self":[{"href":"https:\/\/diariorepublica.com.ar\/web\/index.php\/wp-json\/wp\/v2\/posts\/27669"}],"collection":[{"href":"https:\/\/diariorepublica.com.ar\/web\/index.php\/wp-json\/wp\/v2\/posts"}],"about":[{"href":"https:\/\/diariorepublica.com.ar\/web\/index.php\/wp-json\/wp\/v2\/types\/post"}],"author":[{"embeddable":true,"href":"https:\/\/diariorepublica.com.ar\/web\/index.php\/wp-json\/wp\/v2\/users\/1"}],"replies":[{"embeddable":true,"href":"https:\/\/diariorepublica.com.ar\/web\/index.php\/wp-json\/wp\/v2\/comments?post=27669"}],"version-history":[{"count":1,"href":"https:\/\/diariorepublica.com.ar\/web\/index.php\/wp-json\/wp\/v2\/posts\/27669\/revisions"}],"predecessor-version":[{"id":27671,"href":"https:\/\/diariorepublica.com.ar\/web\/index.php\/wp-json\/wp\/v2\/posts\/27669\/revisions\/27671"}],"wp:featuredmedia":[{"embeddable":true,"href":"https:\/\/diariorepublica.com.ar\/web\/index.php\/wp-json\/wp\/v2\/media\/27670"}],"wp:attachment":[{"href":"https:\/\/diariorepublica.com.ar\/web\/index.php\/wp-json\/wp\/v2\/media?parent=27669"}],"wp:term":[{"taxonomy":"category","embeddable":true,"href":"https:\/\/diariorepublica.com.ar\/web\/index.php\/wp-json\/wp\/v2\/categories?post=27669"},{"taxonomy":"post_tag","embeddable":true,"href":"https:\/\/diariorepublica.com.ar\/web\/index.php\/wp-json\/wp\/v2\/tags?post=27669"}],"curies":[{"name":"wp","href":"https:\/\/api.w.org\/{rel}","templated":true}]}}