{"id":27687,"date":"2025-11-19T08:56:20","date_gmt":"2025-11-19T11:56:20","guid":{"rendered":"https:\/\/diariorepublica.com.ar\/web\/?p=27687"},"modified":"2025-11-19T08:56:22","modified_gmt":"2025-11-19T11:56:22","slug":"una-jornada-para-descubrir-tu-futuro-el-centro-cientifico-tecnologico-invita-al-modo-futuro-on","status":"publish","type":"post","link":"https:\/\/diariorepublica.com.ar\/web\/index.php\/locales\/2025\/11\/19\/una-jornada-para-descubrir-tu-futuro-el-centro-cientifico-tecnologico-invita-al-modo-futuro-on\/","title":{"rendered":"Una jornada para descubrir tu futuro: el Centro Cient\u00edfico Tecnol\u00f3gico invita al \u201cModo Futuro On\u201d"},"content":{"rendered":"<p>El Centro de Desarrollo Cient\u00edfico, Tecnol\u00f3gico y Productivo de Catamarca (CEDECTICA), convoca a la comunidad estudiantil, familias y p\u00fablico en general a participar de la jornada \u201cModo Futuro On\u201d que se realizar\u00e1 este mi\u00e9rcoles 19 de noviembre, de 9:00 a 19:00 horas, en el entorno del Paseo de la Fe (San Fernando del Valle de Catamarca).<\/p>\n<p>El objetivo del evento es brindar un espacio abierto de orientaci\u00f3n acad\u00e9mica, visibilizaci\u00f3n de la oferta educativa de la UNCA y acercamiento al proceso de ingreso, con el fin de acompa\u00f1ar a los j\u00f3venes en la toma de decisiones sobre su futuro profesional.<\/p>\n<p><strong>\u00bfQu\u00e9 vas a encontrar?<\/strong><\/p>\n<p>\u2022Informaci\u00f3n institucional sobre las distintas Facultades, Escuelas y Sedes de la UNCA: sus carreras de grado, tecnicaturas, posgrados, modalidades tradicionales y a distancia.<\/p>\n<p>\u2022Asesoramiento personalizado para el ingreso 2026, incluyendo orientaci\u00f3n sobre plazos, requisitos, preinscripci\u00f3n y becas.<\/p>\n<p>\u2022Stands interactivos de cada unidad acad\u00e9mica donde docentes y estudiantes avanzados responder\u00e1n preguntas, mostrar\u00e1n proyectos, laboratorios y espacios de extensi\u00f3n.<\/p>\n<p>\u2022Talleres de reflexi\u00f3n sobre \u201cc\u00f3mo elegir mi carrera\u201d, \u201cmercado laboral en Catamarca y regi\u00f3n\u201d, y \u201chabilidades que marcan la diferencia en la universidad\u201d.<\/p>\n<p>\u2022Charlas informativas: \u201cPor qu\u00e9 estudiar en la UNCA\u201d, \u201cCarreras emergentes: ciencia de datos, energ\u00edas renovables, ciberseguridad\u201d (entre otras) \u2014 todas dentro del marco de su oferta acad\u00e9mica en constante renovaci\u00f3n.<\/p>\n<p>\u2022Redes de contacto con servicios de la UNCA: bienestar estudiantil, orientaci\u00f3n vocacional, tutor\u00edas, extensi\u00f3n universitaria, internacionalizaci\u00f3n.<\/p>\n<p>\u2022Actividades paralelas para las familias que acompa\u00f1an: charlas para padres sobre acompa\u00f1amiento en los procesos de elecci\u00f3n y transici\u00f3n al \u00e1mbito universitario.<\/p>\n<p><strong>\u00bfPor qu\u00e9 asistir?<\/strong><\/p>\n<p>La ocasi\u00f3n es una oportunidad para estar en contacto directo con la instituci\u00f3n que re\u00fane m\u00e1s de 50 carreras distribuidas en varias sedes de la provincia, y es una oportunidad gratuita y abierta al p\u00fablico para despejar dudas, descubrir nuevas posibilidades y construir tu ruta acad\u00e9mica con apoyo.<\/p>\n<p>La jornada se desarrolla en un entorno accesible, el Paseo de la Fe, lo que favorece que estudiantes de todos los barrios puedan acercarse en horario amplio (9:00 a 19:00).<\/p>\n<p>Participar te permitir\u00e1 conocer tambi\u00e9n la modalidad de ingreso para el pr\u00f3ximo ciclo lectivo 2026, ya que la UNCA informa que el per\u00edodo de preinscripci\u00f3n estar\u00e1 abierto desde el 1 de septiembre de 2025 hasta el 13 de febrero de 2026.<\/p>\n","protected":false},"excerpt":{"rendered":"<p>El Centro de Desarrollo Cient\u00edfico, Tecnol\u00f3gico y Productivo de Catamarca (CEDECTICA), convoca a la comunidad estudiantil, familias y p\u00fablico en<\/p>\n","protected":false},"author":1,"featured_media":27688,"comment_status":"closed","ping_status":"closed","sticky":false,"template":"","format":"standard","meta":{"footnotes":"","jetpack_publicize_message":"","jetpack_publicize_feature_enabled":true,"jetpack_social_post_already_shared":true,"jetpack_social_options":{"image_generator_settings":{"template":"highway","enabled":false},"version":2}},"categories":[2],"tags":[],"class_list":["post-27687","post","type-post","status-publish","format-standard","has-post-thumbnail","hentry","category-locales"],"jetpack_publicize_connections":[],"_links":{"self":[{"href":"https:\/\/diariorepublica.com.ar\/web\/index.php\/wp-json\/wp\/v2\/posts\/27687"}],"collection":[{"href":"https:\/\/diariorepublica.com.ar\/web\/index.php\/wp-json\/wp\/v2\/posts"}],"about":[{"href":"https:\/\/diariorepublica.com.ar\/web\/index.php\/wp-json\/wp\/v2\/types\/post"}],"author":[{"embeddable":true,"href":"https:\/\/diariorepublica.com.ar\/web\/index.php\/wp-json\/wp\/v2\/users\/1"}],"replies":[{"embeddable":true,"href":"https:\/\/diariorepublica.com.ar\/web\/index.php\/wp-json\/wp\/v2\/comments?post=27687"}],"version-history":[{"count":1,"href":"https:\/\/diariorepublica.com.ar\/web\/index.php\/wp-json\/wp\/v2\/posts\/27687\/revisions"}],"predecessor-version":[{"id":27689,"href":"https:\/\/diariorepublica.com.ar\/web\/index.php\/wp-json\/wp\/v2\/posts\/27687\/revisions\/27689"}],"wp:featuredmedia":[{"embeddable":true,"href":"https:\/\/diariorepublica.com.ar\/web\/index.php\/wp-json\/wp\/v2\/media\/27688"}],"wp:attachment":[{"href":"https:\/\/diariorepublica.com.ar\/web\/index.php\/wp-json\/wp\/v2\/media?parent=27687"}],"wp:term":[{"taxonomy":"category","embeddable":true,"href":"https:\/\/diariorepublica.com.ar\/web\/index.php\/wp-json\/wp\/v2\/categories?post=27687"},{"taxonomy":"post_tag","embeddable":true,"href":"https:\/\/diariorepublica.com.ar\/web\/index.php\/wp-json\/wp\/v2\/tags?post=27687"}],"curies":[{"name":"wp","href":"https:\/\/api.w.org\/{rel}","templated":true}]}}