{"id":27693,"date":"2025-11-19T12:50:49","date_gmt":"2025-11-19T15:50:49","guid":{"rendered":"https:\/\/diariorepublica.com.ar\/web\/?p=27693"},"modified":"2025-11-19T12:53:12","modified_gmt":"2025-11-19T15:53:12","slug":"la-virgen-peregrina-visito-las-instalaciones-de-fm-republica-y","status":"publish","type":"post","link":"https:\/\/diariorepublica.com.ar\/web\/index.php\/sociedad\/2025\/11\/19\/la-virgen-peregrina-visito-las-instalaciones-de-fm-republica-y\/","title":{"rendered":"La Virgen peregrina visit\u00f3 las instalaciones de FM Rep\u00fablica"},"content":{"rendered":"\n<p>Continuando con su recorrido por instituciones y organismos p\u00fablicos, como preparaci\u00f3n para las pr\u00f3ximas fiestas marianas, durante la ma\u00f1ana de este mi\u00e9rcoles 19 de noviembre, la imagen peregrina de la Virgen del Valle lleg\u00f3 a las instalaciones de la Direcci\u00f3n de Recursos Humanos de la Municipalidad de Capital, ubicadas en la esquina de calles Maip\u00fa y Rep\u00fablica, de la ciudad capital.<br>El padre Luis P\u00e1ez, capell\u00e1n del Santuario Catedral, proclam\u00f3 el Evangelio y pidi\u00f3 por todas las personas que trabajan en esta dependencia p\u00fablica municipal, luego de lo cual les imparti\u00f3 la bendici\u00f3n.<br>Como cierre de este momento de oraci\u00f3n comunitaria, los presentes saludaron a la Madre Morena con vivas y aplausos, y luego se acercaron a tomar gracia.<br>En esta ma\u00f1ana, la Virgen del Valle tambi\u00e9n lleg\u00f3 a la sede de la Agrupaci\u00f3n VIII Catamarca de Gendarmer\u00eda Nacional, en brazos del padre Juan Ram\u00f3n Cabrera, rector del Santuario Catedral.<br>En el lugar fue recibida por sus autoridades, miembros del cuerpo de seguridad nacional y el capell\u00e1n, padre Reinaldo Oviedo.<br>En el marco de la visita de la Sagrada Imagen se llev\u00f3 a cabo la ceremonia de izamiento de la Bandera Nacional.<br>Adem\u00e1s, la Patrona de Catamarca visit\u00f3 en esta jornada Fiscal\u00eda Federal y <strong>FM Rep\u00fablica<\/strong>.<\/p>\n\n\n\n<figure class=\"wp-block-image size-large\"><img loading=\"lazy\" decoding=\"async\" width=\"576\" height=\"1024\" src=\"https:\/\/diariorepublica.com.ar\/web\/wp-content\/uploads\/2025\/11\/WhatsApp-Image-2025-11-19-at-09.53.58-576x1024.jpeg\" alt=\"\" class=\"wp-image-27695\" srcset=\"https:\/\/diariorepublica.com.ar\/web\/wp-content\/uploads\/2025\/11\/WhatsApp-Image-2025-11-19-at-09.53.58-576x1024.jpeg 576w, https:\/\/diariorepublica.com.ar\/web\/wp-content\/uploads\/2025\/11\/WhatsApp-Image-2025-11-19-at-09.53.58-169x300.jpeg 169w, https:\/\/diariorepublica.com.ar\/web\/wp-content\/uploads\/2025\/11\/WhatsApp-Image-2025-11-19-at-09.53.58-768x1365.jpeg 768w, https:\/\/diariorepublica.com.ar\/web\/wp-content\/uploads\/2025\/11\/WhatsApp-Image-2025-11-19-at-09.53.58-864x1536.jpeg 864w, https:\/\/diariorepublica.com.ar\/web\/wp-content\/uploads\/2025\/11\/WhatsApp-Image-2025-11-19-at-09.53.58.jpeg 900w\" sizes=\"(max-width: 576px) 100vw, 576px\" \/><\/figure>\n\n\n\n<p>Para este jueves 20<br>8:30 a 12:00 Caja de Cr\u00e9dito y Prestaciones Catamarca.<br>10:00 a 17:00 ECA.<br>10:00 a 19:00 Hogar de Ancianos Fray Mamerto Esqui\u00fa.<\/p>\n","protected":false},"excerpt":{"rendered":"<p>Continuando con su recorrido por instituciones y organismos p\u00fablicos, como preparaci\u00f3n para las pr\u00f3ximas fiestas marianas, durante la ma\u00f1ana de<\/p>\n","protected":false},"author":1,"featured_media":27694,"comment_status":"closed","ping_status":"closed","sticky":false,"template":"","format":"standard","meta":{"footnotes":"","jetpack_publicize_message":"","jetpack_publicize_feature_enabled":true,"jetpack_social_post_already_shared":true,"jetpack_social_options":{"image_generator_settings":{"template":"highway","enabled":false},"version":2}},"categories":[3],"tags":[],"class_list":["post-27693","post","type-post","status-publish","format-standard","has-post-thumbnail","hentry","category-sociedad"],"jetpack_publicize_connections":[],"_links":{"self":[{"href":"https:\/\/diariorepublica.com.ar\/web\/index.php\/wp-json\/wp\/v2\/posts\/27693"}],"collection":[{"href":"https:\/\/diariorepublica.com.ar\/web\/index.php\/wp-json\/wp\/v2\/posts"}],"about":[{"href":"https:\/\/diariorepublica.com.ar\/web\/index.php\/wp-json\/wp\/v2\/types\/post"}],"author":[{"embeddable":true,"href":"https:\/\/diariorepublica.com.ar\/web\/index.php\/wp-json\/wp\/v2\/users\/1"}],"replies":[{"embeddable":true,"href":"https:\/\/diariorepublica.com.ar\/web\/index.php\/wp-json\/wp\/v2\/comments?post=27693"}],"version-history":[{"count":2,"href":"https:\/\/diariorepublica.com.ar\/web\/index.php\/wp-json\/wp\/v2\/posts\/27693\/revisions"}],"predecessor-version":[{"id":27698,"href":"https:\/\/diariorepublica.com.ar\/web\/index.php\/wp-json\/wp\/v2\/posts\/27693\/revisions\/27698"}],"wp:featuredmedia":[{"embeddable":true,"href":"https:\/\/diariorepublica.com.ar\/web\/index.php\/wp-json\/wp\/v2\/media\/27694"}],"wp:attachment":[{"href":"https:\/\/diariorepublica.com.ar\/web\/index.php\/wp-json\/wp\/v2\/media?parent=27693"}],"wp:term":[{"taxonomy":"category","embeddable":true,"href":"https:\/\/diariorepublica.com.ar\/web\/index.php\/wp-json\/wp\/v2\/categories?post=27693"},{"taxonomy":"post_tag","embeddable":true,"href":"https:\/\/diariorepublica.com.ar\/web\/index.php\/wp-json\/wp\/v2\/tags?post=27693"}],"curies":[{"name":"wp","href":"https:\/\/api.w.org\/{rel}","templated":true}]}}