{"id":2770,"date":"2023-05-15T07:51:49","date_gmt":"2023-05-15T10:51:49","guid":{"rendered":"https:\/\/diariorepublica.com.ar\/web\/?p=2770"},"modified":"2023-05-15T07:51:50","modified_gmt":"2023-05-15T10:51:50","slug":"economia-que-alcances-tienen-las-nuevas-medidas","status":"publish","type":"post","link":"https:\/\/diariorepublica.com.ar\/web\/index.php\/economia\/2023\/05\/15\/economia-que-alcances-tienen-las-nuevas-medidas\/","title":{"rendered":"Econom\u00eda: qu\u00e9 alcances tienen las nuevas medidas"},"content":{"rendered":"<article class=\"article-body article-body--first-paragraph content-protected-false\" data-td-script-src=\"https:\/\/www.ambito.com\/td\/modulos\/encuestas\/js\/function-embeds-min-version-1660312119.js\">Desde que se conoci\u00f3 el \u00edndice de inflaci\u00f3n de 8.4% en abril el ministro de econom\u00eda,\u00a0<strong>Sergio Massa<\/strong>\u00a0puso a su equipo econ\u00f3mico en sesi\u00f3n permanente. Las reuniones que se llevaron a cabo durante el fin de semana concluyeron en una bater\u00eda de medidas, pero, como aclaran desde el Palacio de Hacienda, seguir\u00e1n tomando resoluciones en los pr\u00f3ximos d\u00edas.<\/p>\n<\/article>\n<article class=\"article-body article-body--second-paragraph content-protected-false\">Tras conocerse las medidas este domingo, las primeras evaluaciones de economistas privados y analistas internacionales arrojan que las decisiones m\u00e1s importantes son la\u00a0<strong>suba en la tasa de inter\u00e9s<\/strong>\u00a0<strong>de 6 puntos \u2013 al 97%- y el aumento de la intervenci\u00f3n del Banco Central en el mercado de cambios junto con la administraci\u00f3n del ritmo del crawling peg.<\/strong><\/p>\n<article class=\"article-body article-body--third-paragraph content-protected-false\">La coyuntura econ\u00f3mica presenta tres urgencias: el faltante de divisas, la abultada deuda p\u00fablica y la elevada inflaci\u00f3n. Y de estos frentes, el m\u00e1s imperioso es el referido a la carencia de reservas en poder del Banco Central, ya que, seg\u00fan explican los especialistas, se corre el riesgo de que una disparada del d\u00f3lar conduzca a una aceleraci\u00f3n de precios.<\/p>\n<\/article>\n<article class=\"article-body article-body--fourth-paragraph content-protected-false\">Otro anuncio es que se acelerar\u00e1n los acuerdos con el Fondo Monetario Internacional. Si bien el equipo econ\u00f3mico mantiene un dialogo fluido con el staff t\u00e9cnico del organismo, a\u00fan no hay una fecha precisa para la culminaci\u00f3n de las negociaciones con los nuevos objetivos del programa. Es conocido que el FMI es cr\u00edtico de las intervenciones cambiarias y las moratorias.<\/p>\n<\/article>\n<article class=\"article-body article-body--remaining-paragraph content-protected-false\">En paralelo, Sergio Massa confirm\u00f3 que viajar\u00e1 a China hacia fines de este mes para ampliar el swap de este pa\u00eds como asimismo obtener garant\u00edas v\u00eda BRICS para financiar importaciones desde Brasil.<\/p>\n<p>Otro conjunto de medidas se refiere a sostener el nivel de consumo y la actividad:<\/p>\n<ul>\n<li>Baja en la tasa de Ahora 12, bajan tasas saldo intereses tarjetas de cr\u00e9dito.<\/li>\n<li>Incremento de reintegros a sectores vulnerables por consumos con tarjeta de d\u00e9bitos.<\/li>\n<li>Nuevo plan de pago AFIP deuda corriente de hasta 84 cuotas.<\/li>\n<li>Alivio fiscal para la moratoria de las cuotas con tasa Badlar.<\/li>\n<li>Acelerar la aprobaci\u00f3n de importaciones de bienes de capital con SIRA a 360 d\u00edas.<\/li>\n<\/ul>\n<p>Se trata de una preocupaci\u00f3n pol\u00edtica del gobierno que muestra, como uno de sus principales logros\u00a0<strong>sostener el nivel de actividad y el consumo<\/strong>.<\/p>\n<p>Sin embargo, economistas se\u00f1alan que el problema de corto plazo no es de demanda\u00a0<strong>sino de oferta, fundamentalmente por el faltante de d\u00f3lares para importar.<\/strong><\/p>\n<p>Tambi\u00e9n los especialistas sostienen que en la bater\u00eda de medidas no se conocieron iniciativas para recortar el gasto p\u00fablico, a pesar de que\u00a0<strong>se vienen ajustando las cuentas del Estado.<\/strong>\u00a0En abril el gasto real devengado cayo 3% con relaci\u00f3n a marzo y en la comparaci\u00f3n interanual la reducci\u00f3n fue de 11%, seg\u00fan la consultora Analytica.<\/p>\n<p>En este sentido, preocupan las resoluciones de alivio para las deudas tributarias y previsionales -seguramente muy necesarias para muchas pymes- pero que implican<strong>\u00a0un relajamiento de la pol\u00edtica fiscal<\/strong>.<\/p>\n<p><strong>Precios<\/strong><\/p>\n<p>La conducci\u00f3n econ\u00f3mica tambi\u00e9n declara que los formadores de precios son responsables de la inflaci\u00f3n. En este sentido se orientan los anuncios destinados a:<\/p>\n<ul>\n<li>Conformar la Unidad de an\u00e1lisis de las Operaciones de Comercio.<\/li>\n<li>El ordenamiento de formadores de precios y situaci\u00f3n fiscal en el Mercado Central.<\/li>\n<li>Eliminaci\u00f3n de aranceles y generaci\u00f3n de normas de dumping y protecci\u00f3n para mejorar la competitividad.<\/li>\n<\/ul>\n<p>Estas medidas, sin embargo, seg\u00fan los especialistas pueden encontrar dificultades para su aplicaci\u00f3n, por ejemplo, el Mercado Central es un organismo tripartito (CABA, Naci\u00f3n y Provincia de Buenos Aires) y que, adem\u00e1s no contar\u00eda con la atribuci\u00f3n para poder importar.<\/p>\n<\/article>\n<p>Fuente: Ambito<\/p>\n<\/article>\n","protected":false},"excerpt":{"rendered":"<p>Desde que se conoci\u00f3 el \u00edndice de inflaci\u00f3n de 8.4% en abril el ministro de econom\u00eda,\u00a0Sergio Massa\u00a0puso a su equipo<\/p>\n","protected":false},"author":1,"featured_media":2771,"comment_status":"closed","ping_status":"closed","sticky":false,"template":"","format":"standard","meta":{"footnotes":"","jetpack_publicize_message":"","jetpack_publicize_feature_enabled":true,"jetpack_social_post_already_shared":false,"jetpack_social_options":{"image_generator_settings":{"template":"highway","enabled":false},"version":2}},"categories":[5],"tags":[],"class_list":["post-2770","post","type-post","status-publish","format-standard","has-post-thumbnail","hentry","category-economia"],"jetpack_publicize_connections":[],"_links":{"self":[{"href":"https:\/\/diariorepublica.com.ar\/web\/index.php\/wp-json\/wp\/v2\/posts\/2770"}],"collection":[{"href":"https:\/\/diariorepublica.com.ar\/web\/index.php\/wp-json\/wp\/v2\/posts"}],"about":[{"href":"https:\/\/diariorepublica.com.ar\/web\/index.php\/wp-json\/wp\/v2\/types\/post"}],"author":[{"embeddable":true,"href":"https:\/\/diariorepublica.com.ar\/web\/index.php\/wp-json\/wp\/v2\/users\/1"}],"replies":[{"embeddable":true,"href":"https:\/\/diariorepublica.com.ar\/web\/index.php\/wp-json\/wp\/v2\/comments?post=2770"}],"version-history":[{"count":1,"href":"https:\/\/diariorepublica.com.ar\/web\/index.php\/wp-json\/wp\/v2\/posts\/2770\/revisions"}],"predecessor-version":[{"id":2772,"href":"https:\/\/diariorepublica.com.ar\/web\/index.php\/wp-json\/wp\/v2\/posts\/2770\/revisions\/2772"}],"wp:featuredmedia":[{"embeddable":true,"href":"https:\/\/diariorepublica.com.ar\/web\/index.php\/wp-json\/wp\/v2\/media\/2771"}],"wp:attachment":[{"href":"https:\/\/diariorepublica.com.ar\/web\/index.php\/wp-json\/wp\/v2\/media?parent=2770"}],"wp:term":[{"taxonomy":"category","embeddable":true,"href":"https:\/\/diariorepublica.com.ar\/web\/index.php\/wp-json\/wp\/v2\/categories?post=2770"},{"taxonomy":"post_tag","embeddable":true,"href":"https:\/\/diariorepublica.com.ar\/web\/index.php\/wp-json\/wp\/v2\/tags?post=2770"}],"curies":[{"name":"wp","href":"https:\/\/api.w.org\/{rel}","templated":true}]}}