{"id":27718,"date":"2025-11-21T18:29:00","date_gmt":"2025-11-21T21:29:00","guid":{"rendered":"https:\/\/diariorepublica.com.ar\/web\/?p=27718"},"modified":"2025-11-21T17:30:26","modified_gmt":"2025-11-21T20:30:26","slug":"javier-milei-confirmo-que-en-marzo-asistira-a-la-argentina-week-en-nueva-york","status":"publish","type":"post","link":"https:\/\/diariorepublica.com.ar\/web\/index.php\/politica\/2025\/11\/21\/javier-milei-confirmo-que-en-marzo-asistira-a-la-argentina-week-en-nueva-york\/","title":{"rendered":"Javier Milei confirm\u00f3 que en marzo asistir\u00e1 a la Argentina Week en Nueva York"},"content":{"rendered":"<p>El presidente Javier\u00a0<strong>Milei asistir\u00e1 en marzo del a\u00f1o pr\u00f3ximo a la \u201cArgentina Week en Nueva York\u201d, un evento que defini\u00f3 como una \u201coportunidad \u00fanica para mostrar al mundo las enormes oportunidades que se abren<\/strong>\u00a0con la transformaci\u00f3n\u201d del pa\u00eds<\/p>\n<p>\u201cExtraordinaria iniciativa! La Argentina Week en Nueva York ser\u00e1 una oportunidad \u00fanica para mostrar al mundo las enormes oportunidades que se abren con la transformaci\u00f3n de la Argentina.\u00a0<strong>All\u00ed estar\u00e9 presente para comunicar con claridad y convicci\u00f3n la nueva Argentina: abierta, pr\u00f3spera y libre\u201d, destac\u00f3 este viernes el mandatario en X.<\/strong><\/p>\n<p><strong>El evento organizado por la Embajada argentina en los Estados Unidos se realizar\u00e1 del 9 al 11 de marzo de 2026 en Nueva York<\/strong>, precis\u00f3 el embajador Alejandro Oxenford.<\/p>\n<p>Ser\u00e1\u00a0<strong>un encuentro \u201cde alt\u00edsimo nivel\u201d que reunir\u00e1 a autoridades de gobierno, l\u00edderes empresariales globales, bancos, fondos de inversi\u00f3n y compa\u00f1\u00edas\u00a0<\/strong>de energ\u00eda, miner\u00eda, tecnolog\u00eda, infraestructura y otros sectores estrat\u00e9gicos que ya invierten, o eval\u00faan invertir, en Argentina, indic\u00f3 el diplom\u00e1tico.<\/p>\n<p>\u201cEsta iniciativa se da en un momento hist\u00f3rico y sin precedentes en la relaci\u00f3n entre Estados Unidos y Argentina, marcada por la amistad, la confianza, la cooperaci\u00f3n y un renovado optimismo sobre las oportunidades que presenta la Argentina del Presidente Javier Milei\u201d, destac\u00f3 Oxenford.<\/p>\n<p title=\"tQ6QgQ\" data-ipspy=\"tQ6QgQ\">Adem\u00e1s de la Embajada Argentina en los Estados Unidos, participan de la organizaci\u00f3n del evento JP Morgan, Bank of America y Kaszek, supo la Agencia Noticias Argentinas.<span data-nosnippet=\"\">tQ6QgQ<\/span><\/p>\n<p>\u201cSer\u00e1 un hito argentino en Manhattan. La gran manzana se vestir\u00e1 de celeste y blanco para mostrar al mundo el nuevo cap\u00edtulo de inversi\u00f3n y crecimiento que estamos construyendo\u201d, cerr\u00f3 el embajador en su cuenta de X.<\/p>\n<p>NA<\/p>\n","protected":false},"excerpt":{"rendered":"<p>El presidente Javier\u00a0Milei asistir\u00e1 en marzo del a\u00f1o pr\u00f3ximo a la \u201cArgentina Week en Nueva York\u201d, un evento que defini\u00f3<\/p>\n","protected":false},"author":1,"featured_media":27719,"comment_status":"closed","ping_status":"closed","sticky":false,"template":"","format":"standard","meta":{"footnotes":"","jetpack_publicize_message":"","jetpack_publicize_feature_enabled":true,"jetpack_social_post_already_shared":true,"jetpack_social_options":{"image_generator_settings":{"template":"highway","enabled":false},"version":2}},"categories":[12],"tags":[],"class_list":["post-27718","post","type-post","status-publish","format-standard","has-post-thumbnail","hentry","category-politica"],"jetpack_publicize_connections":[],"_links":{"self":[{"href":"https:\/\/diariorepublica.com.ar\/web\/index.php\/wp-json\/wp\/v2\/posts\/27718"}],"collection":[{"href":"https:\/\/diariorepublica.com.ar\/web\/index.php\/wp-json\/wp\/v2\/posts"}],"about":[{"href":"https:\/\/diariorepublica.com.ar\/web\/index.php\/wp-json\/wp\/v2\/types\/post"}],"author":[{"embeddable":true,"href":"https:\/\/diariorepublica.com.ar\/web\/index.php\/wp-json\/wp\/v2\/users\/1"}],"replies":[{"embeddable":true,"href":"https:\/\/diariorepublica.com.ar\/web\/index.php\/wp-json\/wp\/v2\/comments?post=27718"}],"version-history":[{"count":1,"href":"https:\/\/diariorepublica.com.ar\/web\/index.php\/wp-json\/wp\/v2\/posts\/27718\/revisions"}],"predecessor-version":[{"id":27720,"href":"https:\/\/diariorepublica.com.ar\/web\/index.php\/wp-json\/wp\/v2\/posts\/27718\/revisions\/27720"}],"wp:featuredmedia":[{"embeddable":true,"href":"https:\/\/diariorepublica.com.ar\/web\/index.php\/wp-json\/wp\/v2\/media\/27719"}],"wp:attachment":[{"href":"https:\/\/diariorepublica.com.ar\/web\/index.php\/wp-json\/wp\/v2\/media?parent=27718"}],"wp:term":[{"taxonomy":"category","embeddable":true,"href":"https:\/\/diariorepublica.com.ar\/web\/index.php\/wp-json\/wp\/v2\/categories?post=27718"},{"taxonomy":"post_tag","embeddable":true,"href":"https:\/\/diariorepublica.com.ar\/web\/index.php\/wp-json\/wp\/v2\/tags?post=27718"}],"curies":[{"name":"wp","href":"https:\/\/api.w.org\/{rel}","templated":true}]}}