{"id":2773,"date":"2023-05-15T07:54:42","date_gmt":"2023-05-15T10:54:42","guid":{"rendered":"https:\/\/diariorepublica.com.ar\/web\/?p=2773"},"modified":"2023-05-15T07:54:43","modified_gmt":"2023-05-15T10:54:43","slug":"ahora-12-bajan-9-puntos-porcentuales-el-costo-de-financiamiento","status":"publish","type":"post","link":"https:\/\/diariorepublica.com.ar\/web\/index.php\/economia\/2023\/05\/15\/ahora-12-bajan-9-puntos-porcentuales-el-costo-de-financiamiento\/","title":{"rendered":"Ahora 12: bajan 9 puntos porcentuales el costo de financiamiento"},"content":{"rendered":"<section class=\"detail-body first-paragraph\">\n<section id=\"note-body\" class=\"body-content note-body content-protected-false\" data-twitter-link=\"https:\/\/twitter.com\/intent\/tweet?url=https:\/\/www.minutouno.com\/c5722610&amp;v\u00eda=Ambitocom&amp;related=MinutoUno&amp;text=\">Una baja de 9 puntos porcentuales en el costo de financiamiento de las compras de productos nacionales realizadas a trav\u00e9s del programa\u00a0<strong>Ahora 12<\/strong>\u00a0es una de\u00a0las medidas dispuestas por el Ministerio de Econom\u00eda\u00a0para sostener el nivel de\u00a0<strong>consumo<\/strong>.<\/p>\n<\/section>\n<\/section>\n<section class=\"detail-body second-paragraph\">\n<section class=\"body-content note-body content-protected-false\"><span id=\"saysCMSEmphasismkmd9ncb15k\" class=\"saysCMSEmphasis\">\u201cA partir de la semana pr\u00f3xima bajar\u00e1 9 puntos porcentuales el costo del financiamiento en 12 cuotas\u201d<\/span>, precisaron este domingo fuentes del Palacio de Hacienda al brindar detalles de la bater\u00eda de medidas que se decidieron poner en marcha para rencauzar la macroeconom\u00eda.<\/p>\n<p>Las medidas fueron definidas durante la tarde del s\u00e1bado, en el marco de la reuni\u00f3n que encabez\u00f3 el ministro\u00a0<strong>Sergio Massa<\/strong>\u00a0y en la que estuvieron presentes el secretario de Pol\u00edtica Econ\u00f3mica,\u00a0<strong>Gabriel Rubinstein<\/strong>; el jefe de asesores de la cartera,\u00a0<strong>Leonardo Madcur<\/strong>; el secretario legal y administrativo,\u00a0<strong>Ricardo Casal<\/strong>; el presidente del Banco Central,\u00a0<strong>Miguel Pesce<\/strong>; el titular de Administraci\u00f3n Federal de Ingresos P\u00fablicos,\u00a0<strong>Carlos Castagneto<\/strong>; el director general de Aduanas,\u00a0<strong>Guillermo Michel<\/strong>; y el director del Instituto Nacional de Estad\u00edsticas y Censos,\u00a0<strong>Marco Lavagna<\/strong>, entre otros.<\/p>\n<p><span id=\"saysCMSEmphasisglqjr5rfqb\" class=\"saysCMSEmphasis\">\u201cDe esta manera, se promueve el consumo de productos de origen nacional, que representan 5,8 millones de operaciones mensuales por un total de m\u00e1s de 250 mil millones de pesos\u201d<\/span>, remarc\u00f3 la misma fuente.<\/p>\n<p>La medida apunta a beneficiar a consumidores, comerciantes y empresas nacionales, ya que este plan es uno de los principales dinamizadores de las ventas a nivel minorista.<\/p>\n<\/section>\n<\/section>\n","protected":false},"excerpt":{"rendered":"<p>Una baja de 9 puntos porcentuales en el costo de financiamiento de las compras de productos nacionales realizadas a trav\u00e9s<\/p>\n","protected":false},"author":1,"featured_media":2774,"comment_status":"closed","ping_status":"closed","sticky":false,"template":"","format":"standard","meta":{"footnotes":"","jetpack_publicize_message":"","jetpack_publicize_feature_enabled":true,"jetpack_social_post_already_shared":false,"jetpack_social_options":{"image_generator_settings":{"template":"highway","enabled":false},"version":2}},"categories":[5],"tags":[],"class_list":["post-2773","post","type-post","status-publish","format-standard","has-post-thumbnail","hentry","category-economia"],"jetpack_publicize_connections":[],"_links":{"self":[{"href":"https:\/\/diariorepublica.com.ar\/web\/index.php\/wp-json\/wp\/v2\/posts\/2773"}],"collection":[{"href":"https:\/\/diariorepublica.com.ar\/web\/index.php\/wp-json\/wp\/v2\/posts"}],"about":[{"href":"https:\/\/diariorepublica.com.ar\/web\/index.php\/wp-json\/wp\/v2\/types\/post"}],"author":[{"embeddable":true,"href":"https:\/\/diariorepublica.com.ar\/web\/index.php\/wp-json\/wp\/v2\/users\/1"}],"replies":[{"embeddable":true,"href":"https:\/\/diariorepublica.com.ar\/web\/index.php\/wp-json\/wp\/v2\/comments?post=2773"}],"version-history":[{"count":1,"href":"https:\/\/diariorepublica.com.ar\/web\/index.php\/wp-json\/wp\/v2\/posts\/2773\/revisions"}],"predecessor-version":[{"id":2775,"href":"https:\/\/diariorepublica.com.ar\/web\/index.php\/wp-json\/wp\/v2\/posts\/2773\/revisions\/2775"}],"wp:featuredmedia":[{"embeddable":true,"href":"https:\/\/diariorepublica.com.ar\/web\/index.php\/wp-json\/wp\/v2\/media\/2774"}],"wp:attachment":[{"href":"https:\/\/diariorepublica.com.ar\/web\/index.php\/wp-json\/wp\/v2\/media?parent=2773"}],"wp:term":[{"taxonomy":"category","embeddable":true,"href":"https:\/\/diariorepublica.com.ar\/web\/index.php\/wp-json\/wp\/v2\/categories?post=2773"},{"taxonomy":"post_tag","embeddable":true,"href":"https:\/\/diariorepublica.com.ar\/web\/index.php\/wp-json\/wp\/v2\/tags?post=2773"}],"curies":[{"name":"wp","href":"https:\/\/api.w.org\/{rel}","templated":true}]}}