{"id":27733,"date":"2025-11-21T17:36:40","date_gmt":"2025-11-21T20:36:40","guid":{"rendered":"https:\/\/diariorepublica.com.ar\/web\/?p=27733"},"modified":"2025-11-21T17:36:42","modified_gmt":"2025-11-21T20:36:42","slug":"diego-santilli-en-santiago-del-estero","status":"publish","type":"post","link":"https:\/\/diariorepublica.com.ar\/web\/index.php\/politica\/2025\/11\/21\/diego-santilli-en-santiago-del-estero\/","title":{"rendered":"Diego Santilli en Santiago del Estero"},"content":{"rendered":"<p>El ministro del Interior,\u00a0<strong>Diego Santilli<\/strong>, y el gobernador de Santiago del Estero,\u00a0<strong>Gerardo Zamora<\/strong>, coincidieron hoy en la \u00abimportancia\u00bb de que el Gobierno nacional cuente con la aprobaci\u00f3n del\u00a0<strong>Presupuesto 2026\u00a0<\/strong>y en que el Congreso avance con una \u00ab<strong>agenda de reformas<\/strong>\u00bb que siga la l\u00ednea propuesta por el presidente\u00a0<strong>Javier Milei<\/strong>.<\/p>\n<article class=\"article-body\">\n<div class=\"article-content\">\n<div class=\"news-body-paragraph\" data-twitter-link=\"\">\n<p>El funcionario se encuentra de visita en Santiago del Estero como parte de su recorrida por las provincias y de reuniones que mantiene con mandatarios provinciales para encabezar las negociaciones que tendr\u00e1 que dar el oficialismo en el Congreso para sancionar leyes claves para el mile\u00edsmo. En esta oportunidad, Santilli se reuni\u00f3 con el gobernador saliente, Zamora, y con el mandatario electo, El\u00edas Su\u00e1rez, en la Casa de Gobierno local.<\/p>\n<\/div>\n<\/div>\n<\/article>\n<article class=\"article-body par-3\">\n<div class=\"article-content\">\n<div class=\"news-body-paragraph\" data-twitter-link=\"\">\n<p>Fuentes de la Casa Rosada confiaron a A24 que ambas partes remarcaron en el encuentro la \u00abimportancia de que el Gobierno cuente con la aprobaci\u00f3n del Prespuesto 2026\u00bb y consideraron a esa normativa como una \u00abherramienta fundamental de trabajo para la gesti\u00f3n nacional\u00bb. Esas mismas fuentes, aseguraron que tambi\u00e9n hubo acuerdo en que el \u00abCongreso avance con la agenda de reformas que propuso el presidente Javier Milei\u00bb.<\/p>\n<\/div>\n<\/div>\n<\/article>\n<article class=\"article-body par-4\">\n<div class=\"article-content\">\n<div class=\"news-body-paragraph\" data-twitter-link=\"\">\n<p>Adem\u00e1s, intercambiaron sobre la \u00abagenda de trabajo compartida entre la Naci\u00f3n y las provincias\u00bb y enfatizaron sobre la \u00abintenci\u00f3n de potenciar el di\u00e1logo rec\u00edproco entre las provincias y el Gobierno Nacional\u00bb.<\/p>\n<\/div>\n<\/div>\n<\/article>\n","protected":false},"excerpt":{"rendered":"<p>El ministro del Interior,\u00a0Diego Santilli, y el gobernador de Santiago del Estero,\u00a0Gerardo Zamora, coincidieron hoy en la \u00abimportancia\u00bb de que<\/p>\n","protected":false},"author":1,"featured_media":27734,"comment_status":"closed","ping_status":"closed","sticky":false,"template":"","format":"standard","meta":{"footnotes":"","jetpack_publicize_message":"","jetpack_publicize_feature_enabled":true,"jetpack_social_post_already_shared":true,"jetpack_social_options":{"image_generator_settings":{"template":"highway","enabled":false},"version":2}},"categories":[12],"tags":[],"class_list":["post-27733","post","type-post","status-publish","format-standard","has-post-thumbnail","hentry","category-politica"],"jetpack_publicize_connections":[],"_links":{"self":[{"href":"https:\/\/diariorepublica.com.ar\/web\/index.php\/wp-json\/wp\/v2\/posts\/27733"}],"collection":[{"href":"https:\/\/diariorepublica.com.ar\/web\/index.php\/wp-json\/wp\/v2\/posts"}],"about":[{"href":"https:\/\/diariorepublica.com.ar\/web\/index.php\/wp-json\/wp\/v2\/types\/post"}],"author":[{"embeddable":true,"href":"https:\/\/diariorepublica.com.ar\/web\/index.php\/wp-json\/wp\/v2\/users\/1"}],"replies":[{"embeddable":true,"href":"https:\/\/diariorepublica.com.ar\/web\/index.php\/wp-json\/wp\/v2\/comments?post=27733"}],"version-history":[{"count":1,"href":"https:\/\/diariorepublica.com.ar\/web\/index.php\/wp-json\/wp\/v2\/posts\/27733\/revisions"}],"predecessor-version":[{"id":27735,"href":"https:\/\/diariorepublica.com.ar\/web\/index.php\/wp-json\/wp\/v2\/posts\/27733\/revisions\/27735"}],"wp:featuredmedia":[{"embeddable":true,"href":"https:\/\/diariorepublica.com.ar\/web\/index.php\/wp-json\/wp\/v2\/media\/27734"}],"wp:attachment":[{"href":"https:\/\/diariorepublica.com.ar\/web\/index.php\/wp-json\/wp\/v2\/media?parent=27733"}],"wp:term":[{"taxonomy":"category","embeddable":true,"href":"https:\/\/diariorepublica.com.ar\/web\/index.php\/wp-json\/wp\/v2\/categories?post=27733"},{"taxonomy":"post_tag","embeddable":true,"href":"https:\/\/diariorepublica.com.ar\/web\/index.php\/wp-json\/wp\/v2\/tags?post=27733"}],"curies":[{"name":"wp","href":"https:\/\/api.w.org\/{rel}","templated":true}]}}