{"id":2779,"date":"2023-05-15T09:31:23","date_gmt":"2023-05-15T12:31:23","guid":{"rendered":"https:\/\/diariorepublica.com.ar\/web\/?p=2779"},"modified":"2023-05-15T09:31:24","modified_gmt":"2023-05-15T12:31:24","slug":"criticas-por-el-bono-a-la-administracion-publica","status":"publish","type":"post","link":"https:\/\/diariorepublica.com.ar\/web\/index.php\/politica\/2023\/05\/15\/criticas-por-el-bono-a-la-administracion-publica\/","title":{"rendered":"Criticas por el bono a la administraci\u00f3n publica"},"content":{"rendered":"<p>El diputado provincial Jos\u00e9 Sosa fue cr\u00edtico del bono de $120.000 en seis cuotas que anunci\u00f3 el gobernador Ra\u00fal Jalil, asegur\u00f3 que \u00abes electoral\u00bb y dijo que el gobernador \u00abdeber\u00eda dar $120.000 por mes\u00bb. Tambi\u00e9n el diputado nacional Rub\u00e9n Manzi (CC-Ari) critic\u00f3 la medida y pidi\u00f3 que sea incluida en el b\u00e1sico.<\/p>\n<p>\u00abEs un bono electoral que paga en modo retaceo, lo va a deglutir la espiral inflacionaria. Con toda la que tiene guardada para la reelecci\u00f3n, deber\u00eda ser de $120.000 por mes e incluir municipales del interior, que cobran sueldos de hambre\u00bb<\/p>\n<p>Manzi consider\u00f3 que \u00ablo m\u00ednimo que deber\u00eda hacerse es que ese bono quede como parte del sueldo\u00bb.<\/p>\n<p>Desde el MST-FITU, el dirigente Daniel Blanes tambi\u00e9n cuestion\u00f3 la medida y dijo que \u00abes la confirmaci\u00f3n de que Jalil va por la reelecci\u00f3n\u00bb. \u00abEs una propaganda electoral, ya que no resuelve los alica\u00eddos salarios de los trabajadores que son devorados por la inflaci\u00f3n que genera su propio Gobierno. Sumado a eso, el bono se divide en seis cuotas en vez de ser en un solo pago, que s\u00ed ayudar\u00eda mucho a respirar a la asfixiante econom\u00eda del pueblo trabajador\u00bb<\/p>\n","protected":false},"excerpt":{"rendered":"<p>El diputado provincial Jos\u00e9 Sosa fue cr\u00edtico del bono de $120.000 en seis cuotas que anunci\u00f3 el gobernador Ra\u00fal Jalil,<\/p>\n","protected":false},"author":2,"featured_media":2780,"comment_status":"closed","ping_status":"closed","sticky":false,"template":"","format":"standard","meta":{"footnotes":"","jetpack_publicize_message":"","jetpack_publicize_feature_enabled":true,"jetpack_social_post_already_shared":false,"jetpack_social_options":{"image_generator_settings":{"template":"highway","enabled":false},"version":2}},"categories":[12],"tags":[],"class_list":["post-2779","post","type-post","status-publish","format-standard","has-post-thumbnail","hentry","category-politica"],"jetpack_publicize_connections":[],"_links":{"self":[{"href":"https:\/\/diariorepublica.com.ar\/web\/index.php\/wp-json\/wp\/v2\/posts\/2779"}],"collection":[{"href":"https:\/\/diariorepublica.com.ar\/web\/index.php\/wp-json\/wp\/v2\/posts"}],"about":[{"href":"https:\/\/diariorepublica.com.ar\/web\/index.php\/wp-json\/wp\/v2\/types\/post"}],"author":[{"embeddable":true,"href":"https:\/\/diariorepublica.com.ar\/web\/index.php\/wp-json\/wp\/v2\/users\/2"}],"replies":[{"embeddable":true,"href":"https:\/\/diariorepublica.com.ar\/web\/index.php\/wp-json\/wp\/v2\/comments?post=2779"}],"version-history":[{"count":1,"href":"https:\/\/diariorepublica.com.ar\/web\/index.php\/wp-json\/wp\/v2\/posts\/2779\/revisions"}],"predecessor-version":[{"id":2781,"href":"https:\/\/diariorepublica.com.ar\/web\/index.php\/wp-json\/wp\/v2\/posts\/2779\/revisions\/2781"}],"wp:featuredmedia":[{"embeddable":true,"href":"https:\/\/diariorepublica.com.ar\/web\/index.php\/wp-json\/wp\/v2\/media\/2780"}],"wp:attachment":[{"href":"https:\/\/diariorepublica.com.ar\/web\/index.php\/wp-json\/wp\/v2\/media?parent=2779"}],"wp:term":[{"taxonomy":"category","embeddable":true,"href":"https:\/\/diariorepublica.com.ar\/web\/index.php\/wp-json\/wp\/v2\/categories?post=2779"},{"taxonomy":"post_tag","embeddable":true,"href":"https:\/\/diariorepublica.com.ar\/web\/index.php\/wp-json\/wp\/v2\/tags?post=2779"}],"curies":[{"name":"wp","href":"https:\/\/api.w.org\/{rel}","templated":true}]}}