{"id":27794,"date":"2025-11-25T12:20:53","date_gmt":"2025-11-25T15:20:53","guid":{"rendered":"https:\/\/diariorepublica.com.ar\/web\/?p=27794"},"modified":"2025-11-25T12:20:55","modified_gmt":"2025-11-25T15:20:55","slug":"milei-encabezo-la-entrega-de-sables-a-las-fuerzas-armadas","status":"publish","type":"post","link":"https:\/\/diariorepublica.com.ar\/web\/index.php\/nacionales\/2025\/11\/25\/milei-encabezo-la-entrega-de-sables-a-las-fuerzas-armadas\/","title":{"rendered":"Milei encabez\u00f3 la Entrega de Sables a las Fuerzas Armadas"},"content":{"rendered":"<p>El presidente\u00a0<strong>Javier Milei\u00a0<\/strong>encabez\u00f3 la ceremonia anual de Entrega de Sables a los<strong>\u00a035 nuevos generales, almirantes y brigadieres\u00a0<\/strong>de las Fuerzas Armadas promovidos este 2025. Lo hizo en un acto expr\u00e9s que dur\u00f3 poco menos de diez minutos, en el que\u00a0<strong>no tom\u00f3 la palabra a diferencia de la edici\u00f3n de 2024.<\/strong><\/p>\n<p>Desde el Sal\u00f3n Blanco de Casa Rosada, el mandatario protagoniz\u00f3 la ceremonia de ascensos en compa\u00f1\u00eda del ministro de Defensa saliente,\u00a0<strong>Luis Petri,<\/strong>\u00a0y de su sucesor,\u00a0el teniente general\u00a0<strong>Carlos Alberto Presti,\u00a0<\/strong>en traje de jefe del Estado Mayor del Ej\u00e9rcito, quien liderar\u00e1 la cartera a partir del 10 de diciembre.<\/p>\n<p>A un costado, siguieron de pie el breve acto la secretaria general de la Presidencia, Karina Milei, y el jefe de la Casa Militar,\u00a0<strong>Sebasti\u00e1n Ib\u00e1\u00f1ez.<\/strong><\/p>\n<p>La ceremonia incluy\u00f3 la asistencia del jefe de Estado Mayor General de la Armada,\u00a0<strong>Carlos Mar\u00eda Allievi<\/strong>; del jefe del Estado Mayor General de la Fuerza A\u00e9rea,\u00a0<strong>Gustavo Valverde<\/strong>; y del jefe del Estado Mayor Conjunto de las Fuerzas Armadas,\u00a0<strong>Xavier Juli\u00e1n Isaac<\/strong>.<\/p>\n<p>Tras la bendici\u00f3n del obispo castrense, monse\u00f1or\u00a0<strong>Santiago Olivera\u00a0<\/strong>recibieron los sables blancos que portan sus nombres y la firma del mandatario el Almirante<strong>\u00a0Carlos Mar\u00eda Allievi<\/strong>; el teniente general<strong>\u00a0Carlos Presti<\/strong>; el vicealmirante\u00a0<strong>Juan Carlos Core,<\/strong>\u00a0de la Armada; el general de brigada\u00a0<strong>H\u00e9ctor Cesar Tornero<\/strong>, del Ej\u00e9rcito Argentino; y el general de brigada<strong>\u00a0Pablo Depalo<\/strong>, del Ej\u00e9rcito Argentino.<\/p>\n<p title=\"tQ6QgQ\" data-ipspy=\"tQ6QgQ\">Asimismo, de la Armada Argentina, fueron condecorados el vicealmirante Juan Carlos Romay, y los contraalmirantes Pablo Javier Barbarich; Rom\u00e1n Enrique Olivero; Jorge Javier Raimondo; Osvaldo Ra\u00fal Chi\u00f1i; Maximiliano Mangiaterra; Guillermo Alberto Prada; Eduardo Ignacio Llambi; Gustavo Omar Gaona y Omar Eduardo Daniel Balbo.<\/p>\n<p>Correspondiente al Ej\u00e9rcito Argentino el mandatario entreg\u00f3 sables a los generales de divisi\u00f3n\u00a0Carlos Alberto Carugno; Oscar Santiago Zarich; Jorge Alberto Puebla; Roberto Mart\u00edn Baroni;\u00a0Roberto Pedro Cardoso; Carlos Horacio Mart\u00edn; Esteban Guillermo Ledesma Cuoto; Ricardo Felipe Fresta; Juli\u00e1n Andr\u00e9s Massi Filippa; Pablo Javier Rolando; Gonzalo Rodr\u00edguez Espada; Pablo Alberto Filippini yJorge Mariano L\u00f3pez Stanic.<\/p>\n<p>Por su parte, los integrantes de la Fuera A\u00e9rea que fueron ascendidos son: el brigadier Mayor Gustavo Javier Valverde y los brigadieres Gonzalo Javier Toloza; Guillermo Alejandro Dignani; Lucas Victorino Carol Lugones; Adolfo Alejandro Heretich; Mariano Patrosso y Alejandro Cristian Giltin<\/p>\n<p>NA<\/p>\n","protected":false},"excerpt":{"rendered":"<p>El presidente\u00a0Javier Milei\u00a0encabez\u00f3 la ceremonia anual de Entrega de Sables a los\u00a035 nuevos generales, almirantes y brigadieres\u00a0de las Fuerzas Armadas<\/p>\n","protected":false},"author":1,"featured_media":27795,"comment_status":"closed","ping_status":"closed","sticky":false,"template":"","format":"standard","meta":{"footnotes":"","jetpack_publicize_message":"","jetpack_publicize_feature_enabled":true,"jetpack_social_post_already_shared":true,"jetpack_social_options":{"image_generator_settings":{"template":"highway","enabled":false},"version":2}},"categories":[4],"tags":[],"class_list":["post-27794","post","type-post","status-publish","format-standard","has-post-thumbnail","hentry","category-nacionales"],"jetpack_publicize_connections":[],"_links":{"self":[{"href":"https:\/\/diariorepublica.com.ar\/web\/index.php\/wp-json\/wp\/v2\/posts\/27794"}],"collection":[{"href":"https:\/\/diariorepublica.com.ar\/web\/index.php\/wp-json\/wp\/v2\/posts"}],"about":[{"href":"https:\/\/diariorepublica.com.ar\/web\/index.php\/wp-json\/wp\/v2\/types\/post"}],"author":[{"embeddable":true,"href":"https:\/\/diariorepublica.com.ar\/web\/index.php\/wp-json\/wp\/v2\/users\/1"}],"replies":[{"embeddable":true,"href":"https:\/\/diariorepublica.com.ar\/web\/index.php\/wp-json\/wp\/v2\/comments?post=27794"}],"version-history":[{"count":1,"href":"https:\/\/diariorepublica.com.ar\/web\/index.php\/wp-json\/wp\/v2\/posts\/27794\/revisions"}],"predecessor-version":[{"id":27796,"href":"https:\/\/diariorepublica.com.ar\/web\/index.php\/wp-json\/wp\/v2\/posts\/27794\/revisions\/27796"}],"wp:featuredmedia":[{"embeddable":true,"href":"https:\/\/diariorepublica.com.ar\/web\/index.php\/wp-json\/wp\/v2\/media\/27795"}],"wp:attachment":[{"href":"https:\/\/diariorepublica.com.ar\/web\/index.php\/wp-json\/wp\/v2\/media?parent=27794"}],"wp:term":[{"taxonomy":"category","embeddable":true,"href":"https:\/\/diariorepublica.com.ar\/web\/index.php\/wp-json\/wp\/v2\/categories?post=27794"},{"taxonomy":"post_tag","embeddable":true,"href":"https:\/\/diariorepublica.com.ar\/web\/index.php\/wp-json\/wp\/v2\/tags?post=27794"}],"curies":[{"name":"wp","href":"https:\/\/api.w.org\/{rel}","templated":true}]}}