{"id":27800,"date":"2025-11-25T12:29:51","date_gmt":"2025-11-25T15:29:51","guid":{"rendered":"https:\/\/diariorepublica.com.ar\/web\/?p=27800"},"modified":"2025-11-25T12:29:54","modified_gmt":"2025-11-25T15:29:54","slug":"acuerdo-entre-gobierno-y-empresas-el-boleto-de-colectivo-se-dispara-a-1-250","status":"publish","type":"post","link":"https:\/\/diariorepublica.com.ar\/web\/index.php\/locales\/2025\/11\/25\/acuerdo-entre-gobierno-y-empresas-el-boleto-de-colectivo-se-dispara-a-1-250\/","title":{"rendered":"Acuerdo entre Gobierno y Empresas: el boleto de colectivo se dispara a $1.250"},"content":{"rendered":"<p>El Ministro de Transporte, Eduardo Andrada, anunci\u00f3 tras la reuni\u00f3n con los empresarios que el boleto de colectivo escalar\u00e1 hasta los <strong>$1.250<\/strong>, un valor que surge tras una intensa jornada de negociaciones con las principales c\u00e1maras empresariales del sector. Este incremento, que representa una suba del\u00a0<strong>31.5%<\/strong>\u00a0respecto al valor actual de $950, busca descomprimir la presi\u00f3n financiera de las operadoras y asegurar la continuidad del servicio.<\/p>\n<p>Andrada precis\u00f3 que la nueva tarifa no tendr\u00e1 una aplicaci\u00f3n inmediata. La entrada en vigencia se concretar\u00e1 en un plazo de aproximadamente <strong>tres semanas<\/strong>, un tiempo necesario para completar y cumplimentar los tr\u00e1mites administrativos y las resoluciones a nivel nacional que deben respaldar el cambio tarifario.<\/p>\n<p>En conferencia de prensa, Andrada hizo hincapi\u00e9 en el rol del Estado para evitar un impacto tarifario mayor sobre el bolsillo de los ciudadanos. \u00abEl Gobierno hizo un\u00a0<strong>gran esfuerzo para subsidiar el aumento<\/strong>\u00ab, declar\u00f3 el funcionario, se\u00f1alando que sin esta intervenci\u00f3n fiscal, el precio final del boleto habr\u00eda superado con creces el monto de $1.250. Vale indicar que los empresarios hab\u00edan propuesto como valor m\u00ednimo los $1.400.<\/p>\n<p>La declaraci\u00f3n subraya la dif\u00edcil ecuaci\u00f3n que enfrenta el sector: el aumento constante de los costos operativos, con el precio del combustible como factor principal, y la incapacidad de trasladar la totalidad de esos incrementos a la tarifa sin generar un quiebre social. La diferencia entre el costo real del pasaje y lo que finalmente pagar\u00e1 el usuario continuar\u00e1 siendo cubierta, en gran parte, con fondos p\u00fablicos, lo que mantiene viva la discusi\u00f3n sobre la sostenibilidad a largo plazo del sistema de transporte.<\/p>\n<p>La negociaci\u00f3n incluy\u00f3 el compromiso de las empresas para restablecer inmediatamente las frecuencias habituales, dando por superado el conflicto operativo que paraliz\u00f3 parcialmente el transporte durante los \u00faltimos d\u00edas.<\/p>\n<p>El esquema propuesto contempla la aplicaci\u00f3n de\u00a0<strong>incrementos cada seis meses<\/strong>, una frecuencia que buscar\u00eda evitar la acumulaci\u00f3n de desfases de costos que terminan obligando a aplicar saltos tarifarios abruptos y conflictivos como el actual. Sin embargo, este mecanismo de revisi\u00f3n no ser\u00e1 r\u00edgido, sino que estar\u00e1 \u00edntimamente ligado a variables macroecon\u00f3micas cr\u00edticas y propias del sector.<\/p>\n<p>Espec\u00edficamente, el Ministro cit\u00f3 el\u00a0<strong>precio del combustible<\/strong>\u00a0y la evoluci\u00f3n de\u00a0<strong>otros costos operativos<\/strong>\u00a0del sistema (como los salarios y el mantenimiento de las unidades) como los principales indicadores que activar\u00e1n o modular\u00e1n los futuros aumentos semestrales. Esta medida busca dotar de mayor previsibilidad al sector empresarial y reducir la necesidad de negociaciones de emergencia, aunque introduce la expectativa de que el precio del boleto se mantenga en una din\u00e1mica de ajuste continuo, reflejando la persistente inflaci\u00f3n en los costos de la econom\u00eda.<\/p>\n<p>La confirmaci\u00f3n del boleto a $1.250, aunque representa una carga adicional para el usuario, se presenta como la v\u00eda de escape inmediata para destrabar el conflicto del transporte y garantizar la movilidad esencial en la ciudad, a la espera de que el nuevo mecanismo de actualizaci\u00f3n semestral logre estabilizar la compleja relaci\u00f3n entre tarifas, subsidios y costos operativos. La ciudadan\u00eda, por su parte, estar\u00e1 atenta a que el compromiso de normalizaci\u00f3n del servicio se cumpla a la brevedad.<\/p>\n","protected":false},"excerpt":{"rendered":"<p>El Ministro de Transporte, Eduardo Andrada, anunci\u00f3 tras la reuni\u00f3n con los empresarios que el boleto de colectivo escalar\u00e1 hasta<\/p>\n","protected":false},"author":1,"featured_media":27801,"comment_status":"closed","ping_status":"closed","sticky":false,"template":"","format":"standard","meta":{"footnotes":"","jetpack_publicize_message":"","jetpack_publicize_feature_enabled":true,"jetpack_social_post_already_shared":true,"jetpack_social_options":{"image_generator_settings":{"template":"highway","enabled":false},"version":2}},"categories":[2],"tags":[],"class_list":["post-27800","post","type-post","status-publish","format-standard","has-post-thumbnail","hentry","category-locales"],"jetpack_publicize_connections":[],"_links":{"self":[{"href":"https:\/\/diariorepublica.com.ar\/web\/index.php\/wp-json\/wp\/v2\/posts\/27800"}],"collection":[{"href":"https:\/\/diariorepublica.com.ar\/web\/index.php\/wp-json\/wp\/v2\/posts"}],"about":[{"href":"https:\/\/diariorepublica.com.ar\/web\/index.php\/wp-json\/wp\/v2\/types\/post"}],"author":[{"embeddable":true,"href":"https:\/\/diariorepublica.com.ar\/web\/index.php\/wp-json\/wp\/v2\/users\/1"}],"replies":[{"embeddable":true,"href":"https:\/\/diariorepublica.com.ar\/web\/index.php\/wp-json\/wp\/v2\/comments?post=27800"}],"version-history":[{"count":1,"href":"https:\/\/diariorepublica.com.ar\/web\/index.php\/wp-json\/wp\/v2\/posts\/27800\/revisions"}],"predecessor-version":[{"id":27802,"href":"https:\/\/diariorepublica.com.ar\/web\/index.php\/wp-json\/wp\/v2\/posts\/27800\/revisions\/27802"}],"wp:featuredmedia":[{"embeddable":true,"href":"https:\/\/diariorepublica.com.ar\/web\/index.php\/wp-json\/wp\/v2\/media\/27801"}],"wp:attachment":[{"href":"https:\/\/diariorepublica.com.ar\/web\/index.php\/wp-json\/wp\/v2\/media?parent=27800"}],"wp:term":[{"taxonomy":"category","embeddable":true,"href":"https:\/\/diariorepublica.com.ar\/web\/index.php\/wp-json\/wp\/v2\/categories?post=27800"},{"taxonomy":"post_tag","embeddable":true,"href":"https:\/\/diariorepublica.com.ar\/web\/index.php\/wp-json\/wp\/v2\/tags?post=27800"}],"curies":[{"name":"wp","href":"https:\/\/api.w.org\/{rel}","templated":true}]}}