{"id":27803,"date":"2025-11-25T12:31:26","date_gmt":"2025-11-25T15:31:26","guid":{"rendered":"https:\/\/diariorepublica.com.ar\/web\/?p=27803"},"modified":"2025-11-25T12:31:28","modified_gmt":"2025-11-25T15:31:28","slug":"la-amcham-argentina-visito-catamarca-en-una-nueva-edicion-de-su-programa-de-salud","status":"publish","type":"post","link":"https:\/\/diariorepublica.com.ar\/web\/index.php\/locales\/2025\/11\/25\/la-amcham-argentina-visito-catamarca-en-una-nueva-edicion-de-su-programa-de-salud\/","title":{"rendered":"La AmCham Argentina visit\u00f3 Catamarca en una nueva edici\u00f3n de su programa de Salud"},"content":{"rendered":"<p>AmCham Argentina, la C\u00e1mara de Comercio de Estados Unidos en el pa\u00eds, junto con Fundaci\u00f3n Garrahan, llev\u00f3 adelante el programa \u201cPromoviendo la Calidad e Innovaci\u00f3n en el Sector de la Salud\u201d en la provincia de Catamarca, que busca fortalecer el di\u00e1logo entre el sector p\u00fablico y privado para el desarrollo del sistema sanitario argentino.<\/p>\n<p>La globalizaci\u00f3n de los mercados, los procesos de regionalizaci\u00f3n y descentralizaci\u00f3n, la fragmentaci\u00f3n de los sistemas de salud, el r\u00e1pido avance del conocimiento y la necesidad de dar un salto cualitativo en tecnol\u00f3gica e interoperabilidad, constituyen un desaf\u00edo para la innovaci\u00f3n del sector. En este marco, AmCham reafirma su compromiso por el fortalecimiento a nivel federal, mediante la construcci\u00f3n de consensos que impulsen la innovaci\u00f3n sanitaria, la adopci\u00f3n de buenas pr\u00e1cticas y la mejora en el dise\u00f1o de pol\u00edticas p\u00fablicas en el \u00e1mbito de la salud.<\/p>\n<p>Al respecto, Alejandro D\u00edaz, CEO de AmCham Argentina, se\u00f1al\u00f3: \u201cCompartimos el compromiso de nuestro pa\u00eds para avanzar en la generaci\u00f3n de un marco regulatorio que impulse la innovaci\u00f3n, la adopci\u00f3n de nuevas tecnolog\u00edas y la digitalizaci\u00f3n de la salud. Desde la C\u00e1mara, creemos que, para avanzar en ese camino, resulta fundamental que tanto los gobiernos como las empresas, trabajen en conjunto para asegurar un sistema accesible y moderno para todos los argentinos\u201d.<\/p>\n<p>El cronograma de actividades comenz\u00f3 el pasado lunes con una reuni\u00f3n en la Casa de Gobierno de Catamarca donde participaron el gobernador Ra\u00fal Jalil y la ministra de Salud, Johana Carrizo, entre otros miembros del gabinete. Durante la reuni\u00f3n, la delegaci\u00f3n abord\u00f3 junto a los funcionarios, los principales desaf\u00edos sanitarios de la provincia, estrategias para afrontarlos y las oportunidades de colaboraci\u00f3n con el sector privado. M\u00e1s tarde, visitaron el Hospital Maternidad Provincial 25 de mayo, y la jornada concluy\u00f3 con una cena institucional junto la ministra y Leopoldo Marchetti, director OSEP de Catamarca.<\/p>\n<p>El martes, el programa continu\u00f3 con una presentaci\u00f3n institucional de AmCham Argentina y de Fundaci\u00f3n Garrahan, seguidas por un espacio de intercambio entre los representantes del sector privado y p\u00fablico que conforman la delegaci\u00f3n. Por la tarde, visitaron el Centro de Arte y Tecnolog\u00eda Aplicada, y cerraron las actividades con una cena junto al gobernador, Ra\u00fal Jalil.<\/p>\n<p><strong>La comitiva<\/strong><\/p>\n<p>La delegaci\u00f3n estuvo conformada por representantes de empresas del sector y funcionarios p\u00fablicos, entre los que destacan: David Arias, subsecretario T\u00e9cnico Operativo del Ministerio de Salud de la Provincia de Jujuy; Daniel Blanzaco, ministro de Salud de la provincia de Entre R\u00edos; Johana Carrizo, ministra de Salud de la provincia de Catamarca; Silvana Giudici, diputada nacional por la Ciudad Aut\u00f3noma de Buenos Aires; Esteban Legu\u00edzamo, director ejecutivo de PAMI; Leopoldo Marchetti, director OSEP de Catamarca; Luis Medina Ruiz, ministro de Salud de la provincia de Tucum\u00e1n; Jorge Neri Araujo Hern\u00e1ndez, diputado nacional por la provincia de Tierra del Fuego; Natividad Nassif, ministra de Salud de la provincia de Santiago del Estero; Claudia Palladino, legisladora provincial de Catamarca y diputada nacional electa; Ariel Pszemiarower, asesor del Ministerio de Desregulaci\u00f3n y Transformaci\u00f3n del Estado; Javier Ram\u00edrez, director de Epidemiolog\u00eda del Ministerio de Salud de la Provincia de Misiones; Mar\u00eda Lorena Ross, ministra de Salud de la provincia de Santa Cruz; Sergio Rodr\u00edguez, ministro de Salud de la provincia de Chaco; Demetrio Thalasselis, ministro de Salud de la provincia de R\u00edo Negro; entre otros.<\/p>\n","protected":false},"excerpt":{"rendered":"<p>AmCham Argentina, la C\u00e1mara de Comercio de Estados Unidos en el pa\u00eds, junto con Fundaci\u00f3n Garrahan, llev\u00f3 adelante el programa<\/p>\n","protected":false},"author":1,"featured_media":27804,"comment_status":"closed","ping_status":"closed","sticky":false,"template":"","format":"standard","meta":{"footnotes":"","jetpack_publicize_message":"","jetpack_publicize_feature_enabled":true,"jetpack_social_post_already_shared":true,"jetpack_social_options":{"image_generator_settings":{"template":"highway","enabled":false},"version":2}},"categories":[2],"tags":[],"class_list":["post-27803","post","type-post","status-publish","format-standard","has-post-thumbnail","hentry","category-locales"],"jetpack_publicize_connections":[],"_links":{"self":[{"href":"https:\/\/diariorepublica.com.ar\/web\/index.php\/wp-json\/wp\/v2\/posts\/27803"}],"collection":[{"href":"https:\/\/diariorepublica.com.ar\/web\/index.php\/wp-json\/wp\/v2\/posts"}],"about":[{"href":"https:\/\/diariorepublica.com.ar\/web\/index.php\/wp-json\/wp\/v2\/types\/post"}],"author":[{"embeddable":true,"href":"https:\/\/diariorepublica.com.ar\/web\/index.php\/wp-json\/wp\/v2\/users\/1"}],"replies":[{"embeddable":true,"href":"https:\/\/diariorepublica.com.ar\/web\/index.php\/wp-json\/wp\/v2\/comments?post=27803"}],"version-history":[{"count":1,"href":"https:\/\/diariorepublica.com.ar\/web\/index.php\/wp-json\/wp\/v2\/posts\/27803\/revisions"}],"predecessor-version":[{"id":27805,"href":"https:\/\/diariorepublica.com.ar\/web\/index.php\/wp-json\/wp\/v2\/posts\/27803\/revisions\/27805"}],"wp:featuredmedia":[{"embeddable":true,"href":"https:\/\/diariorepublica.com.ar\/web\/index.php\/wp-json\/wp\/v2\/media\/27804"}],"wp:attachment":[{"href":"https:\/\/diariorepublica.com.ar\/web\/index.php\/wp-json\/wp\/v2\/media?parent=27803"}],"wp:term":[{"taxonomy":"category","embeddable":true,"href":"https:\/\/diariorepublica.com.ar\/web\/index.php\/wp-json\/wp\/v2\/categories?post=27803"},{"taxonomy":"post_tag","embeddable":true,"href":"https:\/\/diariorepublica.com.ar\/web\/index.php\/wp-json\/wp\/v2\/tags?post=27803"}],"curies":[{"name":"wp","href":"https:\/\/api.w.org\/{rel}","templated":true}]}}