{"id":2782,"date":"2023-05-15T09:33:36","date_gmt":"2023-05-15T12:33:36","guid":{"rendered":"https:\/\/diariorepublica.com.ar\/web\/?p=2782"},"modified":"2023-05-15T09:33:37","modified_gmt":"2023-05-15T12:33:37","slug":"raul-jalil-hay-que-construir-consensos-que-perduren-en-el-tiempo","status":"publish","type":"post","link":"https:\/\/diariorepublica.com.ar\/web\/index.php\/politica\/2023\/05\/15\/raul-jalil-hay-que-construir-consensos-que-perduren-en-el-tiempo\/","title":{"rendered":"Ra\u00fal Jalil: \u00abHay que construir consensos que perduren en el tiempo\u00bb"},"content":{"rendered":"<p>El Gobernador Ra\u00fal Jalil consultado por las pr\u00f3ximas elecciones, sostuvo que se mantendr\u00e1n los comicios junto a los nacionales y llam\u00f3 a mantener el consenso y construir con la oposici\u00f3n pol\u00edticas de Estado que perduren en el tiempo. Eso le da a los pa\u00edses la posibilidad de tener un par\u00e1metro de crecimiento en el tiempo.\u201d asegur\u00f3 el gobernador tras la inauguraci\u00f3n oficial de la muestra Catamarca Productiva- ExpoTech 2023.<\/p>\n<p>Por otra parte, destac\u00f3 la propuesta del \u00e1rea de la agroindustria que se lleva a cabo en el Predio Ferial, que mantiene diversas actividades para este fin de semana. \u201cDesde el cambio clim\u00e1tico hasta la inteligencia artificial, nos tenemos que acomodar en el mundo.\u201d sostuvo.<\/p>\n<p>En este sentido, relacion\u00f3 la muestra con las pol\u00edticas en econom\u00edas regionales de su gesti\u00f3n y destac\u00f3 la importancia de la miner\u00eda, la Mesa del Litio y la proyecci\u00f3n hacia el Pac\u00edfico.<\/p>\n<p>\u201cEn la geopol\u00edtica que est\u00e1 viviendo el mundo hoy es importante estar cerca del Pacifico. Como hemos hablado con todos los gobernadores desde Schiaretti a Capitanich, de Quintela hasta Gustavo S\u00e1enz, de la posibilidad de usar y mirar hacia el pac\u00edfico, que es el gran desaf\u00edo. En ese desaf\u00edo, poder producir con buena calidad, cantidad y continuidad, para lo que necesitamos pol\u00edticas de estado estable, y Catamarca las tiene, est\u00e1 creciendo y los invito a los inversores a que vengan.\u00bb<\/p>\n<p>A ello, destac\u00f3 que Catamarca \u201ctiene agua\u201d, como uno de los puntos claves a tener en cuenta en la apuesta de la econom\u00eda regional.<\/p>\n<p>\u00abObviamente que hay cambiar la ecuaci\u00f3n energ\u00e9tica, para eso hay que usar la energ\u00eda solar. Si miramos al Pac\u00edfico estamos mucho m\u00e1s cerca que si miramos al Atl\u00e1ntico, as\u00ed que es fundamental tener econom\u00eda de escala. La miner\u00eda ha generado y va a generar m\u00e1s econom\u00eda de escala para que se use cada vez m\u00e1s los pasos fronterizos como el de Jama, de Salta y como el Paso de San Francisco. Estamos creciendo con la Mesa del Litio. Pero eso tiene que servir a parte de la mejorar la cadena de industrializaci\u00f3n del litio, para proyectar otros sectores como el tur\u00edstico y la agroindustria, y en eso Catamarca est\u00e1 apostando fuerte.\u00bb<\/p>\n<p>No obstante, respecto a la falta infraestructura respecto al agua, el gobernador asegur\u00f3 que se est\u00e1n realizando trabajos. \u201cHemos firmado en el \u00faltimo viaje con Wado de Pedro con la empresa Mecorop que ma\u00f1ana est\u00e1 llegando a Argentina, que es una empresa que es m\u00e1s antigua que el Estado de Israel. Estamos actuando con pol\u00edticas de Estado con el CFI, con Ignacio Lamothe. Cada vez va a haber menos agua en el mundo, pero Catamarca tiene agua y tiene muchas proyecciones, y es tierra de oportunidades\u201d asever\u00f3.<\/p>\n","protected":false},"excerpt":{"rendered":"<p>El Gobernador Ra\u00fal Jalil consultado por las pr\u00f3ximas elecciones, sostuvo que se mantendr\u00e1n los comicios junto a los nacionales y<\/p>\n","protected":false},"author":2,"featured_media":2783,"comment_status":"closed","ping_status":"closed","sticky":false,"template":"","format":"standard","meta":{"footnotes":"","jetpack_publicize_message":"","jetpack_publicize_feature_enabled":true,"jetpack_social_post_already_shared":false,"jetpack_social_options":{"image_generator_settings":{"template":"highway","enabled":false},"version":2}},"categories":[12],"tags":[],"class_list":["post-2782","post","type-post","status-publish","format-standard","has-post-thumbnail","hentry","category-politica"],"jetpack_publicize_connections":[],"_links":{"self":[{"href":"https:\/\/diariorepublica.com.ar\/web\/index.php\/wp-json\/wp\/v2\/posts\/2782"}],"collection":[{"href":"https:\/\/diariorepublica.com.ar\/web\/index.php\/wp-json\/wp\/v2\/posts"}],"about":[{"href":"https:\/\/diariorepublica.com.ar\/web\/index.php\/wp-json\/wp\/v2\/types\/post"}],"author":[{"embeddable":true,"href":"https:\/\/diariorepublica.com.ar\/web\/index.php\/wp-json\/wp\/v2\/users\/2"}],"replies":[{"embeddable":true,"href":"https:\/\/diariorepublica.com.ar\/web\/index.php\/wp-json\/wp\/v2\/comments?post=2782"}],"version-history":[{"count":1,"href":"https:\/\/diariorepublica.com.ar\/web\/index.php\/wp-json\/wp\/v2\/posts\/2782\/revisions"}],"predecessor-version":[{"id":2784,"href":"https:\/\/diariorepublica.com.ar\/web\/index.php\/wp-json\/wp\/v2\/posts\/2782\/revisions\/2784"}],"wp:featuredmedia":[{"embeddable":true,"href":"https:\/\/diariorepublica.com.ar\/web\/index.php\/wp-json\/wp\/v2\/media\/2783"}],"wp:attachment":[{"href":"https:\/\/diariorepublica.com.ar\/web\/index.php\/wp-json\/wp\/v2\/media?parent=2782"}],"wp:term":[{"taxonomy":"category","embeddable":true,"href":"https:\/\/diariorepublica.com.ar\/web\/index.php\/wp-json\/wp\/v2\/categories?post=2782"},{"taxonomy":"post_tag","embeddable":true,"href":"https:\/\/diariorepublica.com.ar\/web\/index.php\/wp-json\/wp\/v2\/tags?post=2782"}],"curies":[{"name":"wp","href":"https:\/\/api.w.org\/{rel}","templated":true}]}}