{"id":27893,"date":"2025-11-27T09:33:05","date_gmt":"2025-11-27T12:33:05","guid":{"rendered":"https:\/\/diariorepublica.com.ar\/web\/?p=27893"},"modified":"2025-11-27T09:33:07","modified_gmt":"2025-11-27T12:33:07","slug":"el-papa-leon-xiv-inicio-su-viaje-por-medio-oriente","status":"publish","type":"post","link":"https:\/\/diariorepublica.com.ar\/web\/index.php\/internacionales\/2025\/11\/27\/el-papa-leon-xiv-inicio-su-viaje-por-medio-oriente\/","title":{"rendered":"El Papa Le\u00f3n XIV inici\u00f3 su viaje por Medio Oriente"},"content":{"rendered":"<p>El avi\u00f3n que traslada al papa\u00a0<strong>Le\u00f3n XIV\u00a0<\/strong>a Medio Oriente en su primer viaje apost\u00f3lico despeg\u00f3 dos minutos antes de las 8:00 este jueves, inform\u00f3 el Vaticano.<\/p>\n<p>El sumo Pont\u00edfice visitar\u00e1 Turqu\u00eda y el L\u00edbano, en ese orden y hacia all\u00ed se puso en marcha, a bordo de un avi\u00f3n de Ita Airways, acompa\u00f1ado por un nutrido plantel de periodistas.<\/p>\n<p>Precisamente,\u00a0<strong>el viaje se inici\u00f3 con el saludo a los 81 representantes de los medios internacionales que lo acompa\u00f1an en su\u00a0<\/strong><i><strong>\u201cperegrinaci\u00f3n\u201d<\/strong><\/i><strong>\u00a0<\/strong>por Oriente Medio.<\/p>\n<p><i>\u201cEsperamos anunciar, transmitir y proclamar lo importante que es la paz en todo el mundo. M\u00e1s all\u00e1 de cualquier diferencia, todos somos hermanos y hermanas. \u00a1Feliz Acci\u00f3n de Gracias a los estadounidenses aqu\u00ed presentes! Es un d\u00eda maravilloso para celebrarlo y quiero comenzar dando las gracias a cada uno de ustedes por el servicio que prestan al Vaticano, a la Santa Sede y a mi persona, pero tambi\u00e9n al mundo entero\u201d<strong>,<\/strong><\/i>\u00a0les dijo.<\/p>\n<p>Al Papa se lo vio sonriente, hablando en ingl\u00e9s a periodistas, camar\u00f3grafos y fot\u00f3grafos de unas 20 agencias internacionales que lo acompa\u00f1an en su primer viaje apost\u00f3lico, indica la cr\u00f3nica de Vatican News.<\/p>\n<p>NA<\/p>\n","protected":false},"excerpt":{"rendered":"<p>El avi\u00f3n que traslada al papa\u00a0Le\u00f3n XIV\u00a0a Medio Oriente en su primer viaje apost\u00f3lico despeg\u00f3 dos minutos antes de las<\/p>\n","protected":false},"author":1,"featured_media":27894,"comment_status":"closed","ping_status":"closed","sticky":false,"template":"","format":"standard","meta":{"footnotes":"","jetpack_publicize_message":"","jetpack_publicize_feature_enabled":true,"jetpack_social_post_already_shared":true,"jetpack_social_options":{"image_generator_settings":{"template":"highway","enabled":false},"version":2}},"categories":[6],"tags":[],"class_list":["post-27893","post","type-post","status-publish","format-standard","has-post-thumbnail","hentry","category-internacionales"],"jetpack_publicize_connections":[],"_links":{"self":[{"href":"https:\/\/diariorepublica.com.ar\/web\/index.php\/wp-json\/wp\/v2\/posts\/27893"}],"collection":[{"href":"https:\/\/diariorepublica.com.ar\/web\/index.php\/wp-json\/wp\/v2\/posts"}],"about":[{"href":"https:\/\/diariorepublica.com.ar\/web\/index.php\/wp-json\/wp\/v2\/types\/post"}],"author":[{"embeddable":true,"href":"https:\/\/diariorepublica.com.ar\/web\/index.php\/wp-json\/wp\/v2\/users\/1"}],"replies":[{"embeddable":true,"href":"https:\/\/diariorepublica.com.ar\/web\/index.php\/wp-json\/wp\/v2\/comments?post=27893"}],"version-history":[{"count":1,"href":"https:\/\/diariorepublica.com.ar\/web\/index.php\/wp-json\/wp\/v2\/posts\/27893\/revisions"}],"predecessor-version":[{"id":27895,"href":"https:\/\/diariorepublica.com.ar\/web\/index.php\/wp-json\/wp\/v2\/posts\/27893\/revisions\/27895"}],"wp:featuredmedia":[{"embeddable":true,"href":"https:\/\/diariorepublica.com.ar\/web\/index.php\/wp-json\/wp\/v2\/media\/27894"}],"wp:attachment":[{"href":"https:\/\/diariorepublica.com.ar\/web\/index.php\/wp-json\/wp\/v2\/media?parent=27893"}],"wp:term":[{"taxonomy":"category","embeddable":true,"href":"https:\/\/diariorepublica.com.ar\/web\/index.php\/wp-json\/wp\/v2\/categories?post=27893"},{"taxonomy":"post_tag","embeddable":true,"href":"https:\/\/diariorepublica.com.ar\/web\/index.php\/wp-json\/wp\/v2\/tags?post=27893"}],"curies":[{"name":"wp","href":"https:\/\/api.w.org\/{rel}","templated":true}]}}