{"id":27904,"date":"2025-11-28T05:40:00","date_gmt":"2025-11-28T08:40:00","guid":{"rendered":"https:\/\/diariorepublica.com.ar\/web\/?p=27904"},"modified":"2025-11-28T09:43:12","modified_gmt":"2025-11-28T12:43:12","slug":"cambios-en-el-marcaton-desde-diciembre","status":"publish","type":"post","link":"https:\/\/diariorepublica.com.ar\/web\/index.php\/sociedad\/2025\/11\/28\/cambios-en-el-marcaton-desde-diciembre\/","title":{"rendered":"cambios en el Marcat\u00f3n desde diciembre"},"content":{"rendered":"<p>A partir del lunes 1 de diciembre, el Programa Marcat\u00f3n sumar\u00e1 los jueves en los rubros de <strong>Construcci\u00f3n y hogar, Vestimenta y Otros rubros<\/strong>, pasando a operar en estos segmentos de <strong>lunes a jueves<\/strong>.<\/p>\n<p>La ampliaci\u00f3n busca ofrecer m\u00e1s oportunidades de compra a los consumidores y fortalecer la participaci\u00f3n de los\u00a0<strong>comercios adheridos<\/strong>\u00a0en el programa.<\/p>\n<p>Para que las\u00a0<strong>promociones<\/strong>\u00a0sean v\u00e1lidas, los\u00a0<strong>comercios<\/strong>\u00a0deber\u00e1n firmar una nueva\u00a0<strong>carta acuerdo<\/strong>\u00a0en la sucursal correspondiente del\u00a0<strong>BNA.<\/strong><\/p>\n<p>Record\u00e1 que pod\u00e9s ver todas las promociones del Marcat\u00f3n en:\u00a0<a href=\"https:\/\/portal.catamarca.gob.ar\/paginas\/programa-marcaton-175\">https:\/\/portal.catamarca.gob.ar\/paginas\/programa-marcaton-175<\/a><\/p>\n","protected":false},"excerpt":{"rendered":"<p>A partir del lunes 1 de diciembre, el Programa Marcat\u00f3n sumar\u00e1 los jueves en los rubros de Construcci\u00f3n y hogar,<\/p>\n","protected":false},"author":1,"featured_media":27905,"comment_status":"closed","ping_status":"closed","sticky":false,"template":"","format":"standard","meta":{"footnotes":"","jetpack_publicize_message":"","jetpack_publicize_feature_enabled":true,"jetpack_social_post_already_shared":true,"jetpack_social_options":{"image_generator_settings":{"template":"highway","enabled":false},"version":2}},"categories":[3],"tags":[],"class_list":["post-27904","post","type-post","status-publish","format-standard","has-post-thumbnail","hentry","category-sociedad"],"jetpack_publicize_connections":[],"_links":{"self":[{"href":"https:\/\/diariorepublica.com.ar\/web\/index.php\/wp-json\/wp\/v2\/posts\/27904"}],"collection":[{"href":"https:\/\/diariorepublica.com.ar\/web\/index.php\/wp-json\/wp\/v2\/posts"}],"about":[{"href":"https:\/\/diariorepublica.com.ar\/web\/index.php\/wp-json\/wp\/v2\/types\/post"}],"author":[{"embeddable":true,"href":"https:\/\/diariorepublica.com.ar\/web\/index.php\/wp-json\/wp\/v2\/users\/1"}],"replies":[{"embeddable":true,"href":"https:\/\/diariorepublica.com.ar\/web\/index.php\/wp-json\/wp\/v2\/comments?post=27904"}],"version-history":[{"count":1,"href":"https:\/\/diariorepublica.com.ar\/web\/index.php\/wp-json\/wp\/v2\/posts\/27904\/revisions"}],"predecessor-version":[{"id":27906,"href":"https:\/\/diariorepublica.com.ar\/web\/index.php\/wp-json\/wp\/v2\/posts\/27904\/revisions\/27906"}],"wp:featuredmedia":[{"embeddable":true,"href":"https:\/\/diariorepublica.com.ar\/web\/index.php\/wp-json\/wp\/v2\/media\/27905"}],"wp:attachment":[{"href":"https:\/\/diariorepublica.com.ar\/web\/index.php\/wp-json\/wp\/v2\/media?parent=27904"}],"wp:term":[{"taxonomy":"category","embeddable":true,"href":"https:\/\/diariorepublica.com.ar\/web\/index.php\/wp-json\/wp\/v2\/categories?post=27904"},{"taxonomy":"post_tag","embeddable":true,"href":"https:\/\/diariorepublica.com.ar\/web\/index.php\/wp-json\/wp\/v2\/tags?post=27904"}],"curies":[{"name":"wp","href":"https:\/\/api.w.org\/{rel}","templated":true}]}}