{"id":27922,"date":"2025-11-28T05:54:00","date_gmt":"2025-11-28T08:54:00","guid":{"rendered":"https:\/\/diariorepublica.com.ar\/web\/?p=27922"},"modified":"2025-11-28T09:55:36","modified_gmt":"2025-11-28T12:55:36","slug":"milei-cancelo-el-viaje-a-eeuu-para-el-sorteo-del-mundial-2026","status":"publish","type":"post","link":"https:\/\/diariorepublica.com.ar\/web\/index.php\/nacionales\/2025\/11\/28\/milei-cancelo-el-viaje-a-eeuu-para-el-sorteo-del-mundial-2026\/","title":{"rendered":"Milei cancel\u00f3 el viaje a EEUU para el sorteo del Mundial 2026"},"content":{"rendered":"<article id=\"article-post\" class=\"first\">\n<div class=\"cuerpo\" data-twitter-link=\"https:\/\/twitter.com\/intent\/tweet?url=https:\/\/www.diariopopular.com.ar\/c873682&amp;via=poopulardiario&amp;related=Popular&amp;text=\">\n<p title=\"KAAhMEM\/hlt9lQ1g4io0KA\" data-ipspy=\"KAAhMEM\/hlt9lQ1g4io0KA\">El jefe de Gabinete, Manuel Adorni, inform\u00f3 que el presidente de la Naci\u00f3n, <strong>Javier Milei, decidi\u00f3 cancelar el viaje previsto a Washington DC para presenciar el sorteo del Mundial de f\u00fatbol<\/strong>, programado para el pr\u00f3ximo 5 de diciembre.<\/p>\n<\/div>\n<\/article>\n<article id=\"article-post\">\n<div class=\"cuerpo\" data-twitter-link=\"https:\/\/twitter.com\/intent\/tweet?url=https:\/\/www.diariopopular.com.ar\/c873682&amp;via=poopulardiario&amp;related=Popular&amp;text=\">\n<p>\u201cEl Presidente de la Naci\u00f3n ha decidido no realizar el viaje previsto para presenciar el sorteo del Mundial de f\u00fatbol\u201d, comunic\u00f3 Adorni.<\/p>\n<p>Adorni difundi\u00f3 la decisi\u00f3n a trav\u00e9s de un mensaje escrito, en el que precis\u00f3 que\u00a0<strong>el mandatario no participar\u00e1 del evento organizado por la FIFA<\/strong>\u00a0en la capital estadounidense.\u00a0<strong>\u201cFin\u201d<\/strong>, cerr\u00f3 el funcionario en su escueto anuncio.<\/p>\n<p>La cancelaci\u00f3n del viaje al evento, en donde la\u00a0<strong>selecci\u00f3n argentina<\/strong>\u00a0ser\u00e1 cabeza de serie y conocer\u00e1 el grupo que enfrentar\u00e1 en la fase inicial de la\u00a0<strong>Copa del Mundo 2026<\/strong>, se da en medio del conflicto que est\u00e1 escalando con la\u00a0<strong>Asociaci\u00f3n del F\u00fatbol Argentino<\/strong>. Seg\u00fan trascendidos, esta es la respuesta silenciosa que el mandatario le env\u00eda al titular del f\u00fatbol argentino,\u00a0<strong>Claudio \u201cChiqui\u201d Tapia.<\/strong><\/p>\n<p>Incluso el presidente poste\u00f3 en su cuenta de X un sugestivo mensaje (solo una foto), para mostrar su apoyo a Estudiantes de La Plata ante la reciente sanci\u00f3n que recibi\u00f3 de la AFA.<\/p>\n<div id=\"embed28_wrap\" class=\"embed_cont type_freetext\" contenteditable=\"false\">\n<div id=\"embed28_content\" class=\"embed_content\">\n<div id=\"embed28_embed\">\n<div class=\"twitter-tweet twitter-tweet-rendered\"><iframe id=\"twitter-widget-0\" class=\"\" title=\"X Post\" src=\"https:\/\/platform.twitter.com\/embed\/Tweet.html?creatorScreenName=diariopopular&amp;dnt=false&amp;embedId=twitter-widget-0&amp;features=eyJ0ZndfdGltZWxpbmVfbGlzdCI6eyJidWNrZXQiOltdLCJ2ZXJzaW9uIjpudWxsfSwidGZ3X2ZvbGxvd2VyX2NvdW50X3N1bnNldCI6eyJidWNrZXQiOnRydWUsInZlcnNpb24iOm51bGx9LCJ0ZndfdHdlZXRfZWRpdF9iYWNrZW5kIjp7ImJ1Y2tldCI6Im9uIiwidmVyc2lvbiI6bnVsbH0sInRmd19yZWZzcmNfc2Vzc2lvbiI6eyJidWNrZXQiOiJvbiIsInZlcnNpb24iOm51bGx9LCJ0ZndfZm9zbnJfc29mdF9pbnRlcnZlbnRpb25zX2VuYWJsZWQiOnsiYnVja2V0Ijoib24iLCJ2ZXJzaW9uIjpudWxsfSwidGZ3X21peGVkX21lZGlhXzE1ODk3Ijp7ImJ1Y2tldCI6InRyZWF0bWVudCIsInZlcnNpb24iOm51bGx9LCJ0ZndfZXhwZXJpbWVudHNfY29va2llX2V4cGlyYXRpb24iOnsiYnVja2V0IjoxMjA5NjAwLCJ2ZXJzaW9uIjpudWxsfSwidGZ3X3Nob3dfYmlyZHdhdGNoX3Bpdm90c19lbmFibGVkIjp7ImJ1Y2tldCI6Im9uIiwidmVyc2lvbiI6bnVsbH0sInRmd19kdXBsaWNhdGVfc2NyaWJlc190b19zZXR0aW5ncyI6eyJidWNrZXQiOiJvbiIsInZlcnNpb24iOm51bGx9LCJ0ZndfdXNlX3Byb2ZpbGVfaW1hZ2Vfc2hhcGVfZW5hYmxlZCI6eyJidWNrZXQiOiJvbiIsInZlcnNpb24iOm51bGx9LCJ0ZndfdmlkZW9faGxzX2R5bmFtaWNfbWFuaWZlc3RzXzE1MDgyIjp7ImJ1Y2tldCI6InRydWVfYml0cmF0ZSIsInZlcnNpb24iOm51bGx9LCJ0ZndfbGVnYWN5X3RpbWVsaW5lX3N1bnNldCI6eyJidWNrZXQiOnRydWUsInZlcnNpb24iOm51bGx9LCJ0ZndfdHdlZXRfZWRpdF9mcm9udGVuZCI6eyJidWNrZXQiOiJvbiIsInZlcnNpb24iOm51bGx9fQ%3D%3D&amp;frame=false&amp;hideCard=false&amp;hideThread=false&amp;id=1994204475368640604&amp;lang=en&amp;origin=https%3A%2F%2Fwww.diariopopular.com.ar%2Fpolitica%2Fmilei-cancelo-el-viaje-eeuu-el-sorteo-del-mundial-2026-n873682&amp;sessionId=99217f65d96ad93d66e8fbd03e37f673ac5757c8&amp;siteScreenName=diariopopular&amp;theme=light&amp;widgetsVersion=2615f7e52b7e0%3A1702314776716&amp;width=550px\" frameborder=\"0\" scrolling=\"no\" allowfullscreen=\"allowfullscreen\" data-gtm-yt-inspected-15=\"true\" data-tweet-id=\"1994204475368640604\" data-mce-fragment=\"1\"><\/iframe><\/div>\n<\/div>\n<\/div>\n<div id=\"embed28_epigrafe\" class=\"embed_epigrafe\"><\/div>\n<\/div>\n<\/div>\n<\/article>\n","protected":false},"excerpt":{"rendered":"<p>El jefe de Gabinete, Manuel Adorni, inform\u00f3 que el presidente de la Naci\u00f3n, Javier Milei, decidi\u00f3 cancelar el viaje previsto<\/p>\n","protected":false},"author":1,"featured_media":27923,"comment_status":"closed","ping_status":"closed","sticky":false,"template":"","format":"standard","meta":{"footnotes":"","jetpack_publicize_message":"","jetpack_publicize_feature_enabled":true,"jetpack_social_post_already_shared":true,"jetpack_social_options":{"image_generator_settings":{"template":"highway","enabled":false},"version":2}},"categories":[4],"tags":[],"class_list":["post-27922","post","type-post","status-publish","format-standard","has-post-thumbnail","hentry","category-nacionales"],"jetpack_publicize_connections":[],"_links":{"self":[{"href":"https:\/\/diariorepublica.com.ar\/web\/index.php\/wp-json\/wp\/v2\/posts\/27922"}],"collection":[{"href":"https:\/\/diariorepublica.com.ar\/web\/index.php\/wp-json\/wp\/v2\/posts"}],"about":[{"href":"https:\/\/diariorepublica.com.ar\/web\/index.php\/wp-json\/wp\/v2\/types\/post"}],"author":[{"embeddable":true,"href":"https:\/\/diariorepublica.com.ar\/web\/index.php\/wp-json\/wp\/v2\/users\/1"}],"replies":[{"embeddable":true,"href":"https:\/\/diariorepublica.com.ar\/web\/index.php\/wp-json\/wp\/v2\/comments?post=27922"}],"version-history":[{"count":1,"href":"https:\/\/diariorepublica.com.ar\/web\/index.php\/wp-json\/wp\/v2\/posts\/27922\/revisions"}],"predecessor-version":[{"id":27924,"href":"https:\/\/diariorepublica.com.ar\/web\/index.php\/wp-json\/wp\/v2\/posts\/27922\/revisions\/27924"}],"wp:featuredmedia":[{"embeddable":true,"href":"https:\/\/diariorepublica.com.ar\/web\/index.php\/wp-json\/wp\/v2\/media\/27923"}],"wp:attachment":[{"href":"https:\/\/diariorepublica.com.ar\/web\/index.php\/wp-json\/wp\/v2\/media?parent=27922"}],"wp:term":[{"taxonomy":"category","embeddable":true,"href":"https:\/\/diariorepublica.com.ar\/web\/index.php\/wp-json\/wp\/v2\/categories?post=27922"},{"taxonomy":"post_tag","embeddable":true,"href":"https:\/\/diariorepublica.com.ar\/web\/index.php\/wp-json\/wp\/v2\/tags?post=27922"}],"curies":[{"name":"wp","href":"https:\/\/api.w.org\/{rel}","templated":true}]}}