{"id":27962,"date":"2025-12-01T10:44:43","date_gmt":"2025-12-01T13:44:43","guid":{"rendered":"https:\/\/diariorepublica.com.ar\/web\/?p=27962"},"modified":"2025-12-01T10:44:45","modified_gmt":"2025-12-01T13:44:45","slug":"oficializaron-el-pago-del-bono-de-70-mil-para-jubilados-y-pensionados","status":"publish","type":"post","link":"https:\/\/diariorepublica.com.ar\/web\/index.php\/economia\/2025\/12\/01\/oficializaron-el-pago-del-bono-de-70-mil-para-jubilados-y-pensionados\/","title":{"rendered":"Oficializaron el pago del bono de $70 mil para jubilados y pensionados"},"content":{"rendered":"<p class=\"article-body__paragraph\">El Gobierno oficializ\u00f3 este lunes el otorgamiento del\u00a0<b>bono previsional de $70.000 en diciembre<\/b>, para jubilados y pensionados que perciban el haber m\u00ednimo, mediante el Decreto 848\/2025, publicado en el Bolet\u00edn Oficial.<\/p>\n<p class=\"article-body__paragraph\">De esta manera,\u00a0<b>las\u00a0<\/b><b>jubilaciones<\/b><b>\u00a0m\u00ednimas durante diciembre ser\u00e1n de $410.879<\/b>, ya que el haber inicial para el \u00faltimo mes del a\u00f1o fue fijado en $340.879, a partir del aumento del 2,34%, determinado en l\u00ednea con la inflaci\u00f3n de octubre.<\/p>\n<p class=\"article-body__paragraph\">En tanto que para aquellos titulares que, por la suma de todas sus prestaciones vigentes, perciban un importe superior a $340.879 pero queden por debajo de los $410.879, el monto m\u00e1ximo del Bono Extraordinario Previsional\u00a0<b>ser\u00e1 igual a la suma necesaria hasta alcanzar esa cifra.<\/b><\/p>\n<p>De esta manera, en el caso de que por ejemplo, un jubilado perciba un haber de $380.000\u00a0<b>s\u00f3lo recibir\u00e1 como bono $30.879.<\/b>\u00a0Con la ayuda previsional confirmada y el aguinaldo, las jubilaciones m\u00e1s bajas<b>\u00a0pasar\u00e1n de $403.150 a $581.319<\/b>.<\/p>\n<p class=\"article-body__paragraph\">El Decreto detall\u00f3 que el bono previsional ser\u00e1 otorgado a:<\/p>\n<ul class=\"article-body__list-ul\">\n<li class=\"article-body__list-item\"><span class=\"article-body__list-span\">Las personas titulares de las prestaciones contributivas previsionales a cargo de la ANSES.<\/span><\/li>\n<li class=\"article-body__list-item\"><span class=\"article-body__list-span\">Las personas beneficiarias de la Pensi\u00f3n Universal para el Adulto Mayor.<\/span><\/li>\n<li class=\"article-body__list-item\"><span class=\"article-body__list-span\">Las personas beneficiarias de pensiones no contributivas por vejez, invalidez, madres de 7 hijos o m\u00e1s y dem\u00e1s pensiones no contributivas y pensiones graciables cuyo pago se encuentra a cargo de la ANSES.<\/span><\/li>\n<\/ul>\n","protected":false},"excerpt":{"rendered":"<p>El Gobierno oficializ\u00f3 este lunes el otorgamiento del\u00a0bono previsional de $70.000 en diciembre, para jubilados y pensionados que perciban el<\/p>\n","protected":false},"author":1,"featured_media":27099,"comment_status":"closed","ping_status":"closed","sticky":false,"template":"","format":"standard","meta":{"footnotes":"","jetpack_publicize_message":"","jetpack_publicize_feature_enabled":true,"jetpack_social_post_already_shared":true,"jetpack_social_options":{"image_generator_settings":{"template":"highway","enabled":false},"version":2}},"categories":[5],"tags":[],"class_list":["post-27962","post","type-post","status-publish","format-standard","has-post-thumbnail","hentry","category-economia"],"jetpack_publicize_connections":[],"_links":{"self":[{"href":"https:\/\/diariorepublica.com.ar\/web\/index.php\/wp-json\/wp\/v2\/posts\/27962"}],"collection":[{"href":"https:\/\/diariorepublica.com.ar\/web\/index.php\/wp-json\/wp\/v2\/posts"}],"about":[{"href":"https:\/\/diariorepublica.com.ar\/web\/index.php\/wp-json\/wp\/v2\/types\/post"}],"author":[{"embeddable":true,"href":"https:\/\/diariorepublica.com.ar\/web\/index.php\/wp-json\/wp\/v2\/users\/1"}],"replies":[{"embeddable":true,"href":"https:\/\/diariorepublica.com.ar\/web\/index.php\/wp-json\/wp\/v2\/comments?post=27962"}],"version-history":[{"count":1,"href":"https:\/\/diariorepublica.com.ar\/web\/index.php\/wp-json\/wp\/v2\/posts\/27962\/revisions"}],"predecessor-version":[{"id":27963,"href":"https:\/\/diariorepublica.com.ar\/web\/index.php\/wp-json\/wp\/v2\/posts\/27962\/revisions\/27963"}],"wp:featuredmedia":[{"embeddable":true,"href":"https:\/\/diariorepublica.com.ar\/web\/index.php\/wp-json\/wp\/v2\/media\/27099"}],"wp:attachment":[{"href":"https:\/\/diariorepublica.com.ar\/web\/index.php\/wp-json\/wp\/v2\/media?parent=27962"}],"wp:term":[{"taxonomy":"category","embeddable":true,"href":"https:\/\/diariorepublica.com.ar\/web\/index.php\/wp-json\/wp\/v2\/categories?post=27962"},{"taxonomy":"post_tag","embeddable":true,"href":"https:\/\/diariorepublica.com.ar\/web\/index.php\/wp-json\/wp\/v2\/tags?post=27962"}],"curies":[{"name":"wp","href":"https:\/\/api.w.org\/{rel}","templated":true}]}}