{"id":27973,"date":"2025-12-01T12:42:33","date_gmt":"2025-12-01T15:42:33","guid":{"rendered":"https:\/\/diariorepublica.com.ar\/web\/?p=27973"},"modified":"2025-12-01T12:42:35","modified_gmt":"2025-12-01T15:42:35","slug":"alberto-natella-y-lucas-poliche-juraron-como-ministros-de-gobierno-y-transporte","status":"publish","type":"post","link":"https:\/\/diariorepublica.com.ar\/web\/index.php\/politica\/2025\/12\/01\/alberto-natella-y-lucas-poliche-juraron-como-ministros-de-gobierno-y-transporte\/","title":{"rendered":"Alberto Natella y Lucas P\u00f3liche juraron como ministros de Gobierno y Transporte"},"content":{"rendered":"<p>Minutos antes del mediod\u00eda de este lunes, se concret\u00f3 la jura de los nuevos ministros que ocupar\u00e1n dos \u00e1reas centrales del gabinete: Alberto Natella asumi\u00f3 al frente del Ministerio de Gobierno, Justicia y Seguridad, mientras que Lucas P\u00f3liche fue designado como ministro de Transporte. El recambio se produce tras la salida de Fernando Monguillot y Eduardo Andrada, quienes ven\u00edan desempe\u00f1\u00e1ndose en esas funciones hasta ahora.<\/p>\n<p>La asunci\u00f3n de Natella implica no solo un cambio de nombres, sino tambi\u00e9n una definici\u00f3n estrat\u00e9gica de la estructura interna del Ejecutivo. Finalmente, el Gobierno decidi\u00f3 no avanzar con el desdoblamiento del Ministerio de Seguridad, una posibilidad que hab\u00eda cobrado fuerza en noviembre y que hubiera implicado recuperar el rango ministerial que ese sector ostent\u00f3 hasta principios de este a\u00f1o. En cambio, la decisi\u00f3n final fue mantener un esquema unificado, concentrando bajo una misma conducci\u00f3n pol\u00edtica las \u00e1reas de Gobierno, Justicia y Seguridad.<\/p>\n<p>Esta elecci\u00f3n coloca a Natella como una de las figuras m\u00e1s fuertes del gabinete. Su llegada a la \u00f3rbita provincial se da tras una gesti\u00f3n con alto nivel de exposici\u00f3n en el municipio de la Capital, donde desde 2019 se desempe\u00f1\u00f3 como secretario de Salud, Desarrollo Humano y Pol\u00edticas Sociales. Su paso por la administraci\u00f3n municipal lo consolid\u00f3 como un cuadro de confianza dentro del oficialismo, reforzado adem\u00e1s por su presencia en la lista de candidatos a diputados nacionales por Fuerza Patria, en la que ocup\u00f3 el tercer lugar detr\u00e1s de Francisco Monguillot y la actual legisladora Claudia Palladino.<\/p>\n<p>Con su designaci\u00f3n, el Gobierno consolida un mando centralizado en una cartera clave, que concentra tanto la administraci\u00f3n pol\u00edtica como el manejo de las fuerzas de seguridad. Este movimiento busca imprimir coherencia operativa y fortaleza institucional en un contexto que anticipa desaf\u00edos importantes de gesti\u00f3n para el pr\u00f3ximo a\u00f1o.<\/p>\n<p>La segunda modificaci\u00f3n relevante en el gabinete se dio en el \u00e1rea de Transporte, donde Lucas P\u00f3liche fue oficializado como nuevo ministro, reemplazando a Eduardo Andrada. Este \u00faltimo deja el cargo para retomar su banca de diputado provincial, despu\u00e9s de haber sido reelecto en los comicios recientes. Andrada se encontraba de licencia para formar parte del Ejecutivo, pero confirm\u00f3 que no volver\u00e1 a solicitar una nueva licencia y que cumplir\u00e1 de manera efectiva su nuevo mandato legislativo desde el 9 de diciembre.<\/p>\n<p>La llegada de P\u00f3liche a Transporte se interpreta como un paso clave para fortalecer un sector estrat\u00e9gico, sensible para la poblaci\u00f3n y para la din\u00e1mica econ\u00f3mica de la provincia. Su gesti\u00f3n deber\u00e1 afrontar los desaf\u00edos propios de la regulaci\u00f3n del servicio, el v\u00ednculo con las empresas prestatarias, la reorganizaci\u00f3n de recorridos y la articulaci\u00f3n con municipios, en un contexto de demandas crecientes del sistema de transporte p\u00fablico.<\/p>\n","protected":false},"excerpt":{"rendered":"<p>Minutos antes del mediod\u00eda de este lunes, se concret\u00f3 la jura de los nuevos ministros que ocupar\u00e1n dos \u00e1reas centrales<\/p>\n","protected":false},"author":1,"featured_media":27974,"comment_status":"closed","ping_status":"closed","sticky":false,"template":"","format":"standard","meta":{"footnotes":"","jetpack_publicize_message":"","jetpack_publicize_feature_enabled":true,"jetpack_social_post_already_shared":true,"jetpack_social_options":{"image_generator_settings":{"template":"highway","enabled":false},"version":2}},"categories":[12],"tags":[],"class_list":["post-27973","post","type-post","status-publish","format-standard","has-post-thumbnail","hentry","category-politica"],"jetpack_publicize_connections":[],"_links":{"self":[{"href":"https:\/\/diariorepublica.com.ar\/web\/index.php\/wp-json\/wp\/v2\/posts\/27973"}],"collection":[{"href":"https:\/\/diariorepublica.com.ar\/web\/index.php\/wp-json\/wp\/v2\/posts"}],"about":[{"href":"https:\/\/diariorepublica.com.ar\/web\/index.php\/wp-json\/wp\/v2\/types\/post"}],"author":[{"embeddable":true,"href":"https:\/\/diariorepublica.com.ar\/web\/index.php\/wp-json\/wp\/v2\/users\/1"}],"replies":[{"embeddable":true,"href":"https:\/\/diariorepublica.com.ar\/web\/index.php\/wp-json\/wp\/v2\/comments?post=27973"}],"version-history":[{"count":1,"href":"https:\/\/diariorepublica.com.ar\/web\/index.php\/wp-json\/wp\/v2\/posts\/27973\/revisions"}],"predecessor-version":[{"id":27975,"href":"https:\/\/diariorepublica.com.ar\/web\/index.php\/wp-json\/wp\/v2\/posts\/27973\/revisions\/27975"}],"wp:featuredmedia":[{"embeddable":true,"href":"https:\/\/diariorepublica.com.ar\/web\/index.php\/wp-json\/wp\/v2\/media\/27974"}],"wp:attachment":[{"href":"https:\/\/diariorepublica.com.ar\/web\/index.php\/wp-json\/wp\/v2\/media?parent=27973"}],"wp:term":[{"taxonomy":"category","embeddable":true,"href":"https:\/\/diariorepublica.com.ar\/web\/index.php\/wp-json\/wp\/v2\/categories?post=27973"},{"taxonomy":"post_tag","embeddable":true,"href":"https:\/\/diariorepublica.com.ar\/web\/index.php\/wp-json\/wp\/v2\/tags?post=27973"}],"curies":[{"name":"wp","href":"https:\/\/api.w.org\/{rel}","templated":true}]}}