{"id":27979,"date":"2025-12-02T08:15:29","date_gmt":"2025-12-02T11:15:29","guid":{"rendered":"https:\/\/diariorepublica.com.ar\/web\/?p=27979"},"modified":"2025-12-02T08:15:31","modified_gmt":"2025-12-02T11:15:31","slug":"fiesta-de-la-virgen-del-valle-programa-de-este-martes","status":"publish","type":"post","link":"https:\/\/diariorepublica.com.ar\/web\/index.php\/sociedad\/2025\/12\/02\/fiesta-de-la-virgen-del-valle-programa-de-este-martes\/","title":{"rendered":"Fiesta de la Virgen del Valle: programa de este martes"},"content":{"rendered":"<p>La jornada se desarrolla bajo el tema: \u00abJesucristo, Peregrino que ilumina nuestro caminar\u00bb.<\/p>\n<p>Bajo este pensamiento, las acciones de la presente jornada tendr\u00e1n dos momentos centrales. Uno de los primeros, ser\u00e1 a las 9 hs con el homenaje del Ministerio de Gobierno, Seguridad y Justicia. Por la noche, a las 21 hs, har\u00e1 lo propio el Ministerio de Educaci\u00f3n.<\/p>\n<figure class=\"image\"><img loading=\"lazy\" decoding=\"async\" class=\"cst_img\" src=\"https:\/\/statics.launion.digital\/2025\/12\/crop\/692ec45b49b89__770x770.webp\" alt=\"programa virgen martes\" width=\"100\" height=\"100\" \/><figcaption>\u00a0<\/figcaption><\/figure>\n<p>En el Santuario de La Gruta:<\/p>\n<figure class=\"image\"><img loading=\"lazy\" decoding=\"async\" class=\"cst_img\" src=\"https:\/\/statics.launion.digital\/2025\/12\/crop\/692ec458d28d5__770x770.webp\" alt=\"programa virgen martes\" width=\"100\" height=\"100\" \/><figcaption>\u00a0<\/figcaption><\/figure>\n","protected":false},"excerpt":{"rendered":"<p>La jornada se desarrolla bajo el tema: \u00abJesucristo, Peregrino que ilumina nuestro caminar\u00bb. Bajo este pensamiento, las acciones de la<\/p>\n","protected":false},"author":1,"featured_media":27980,"comment_status":"closed","ping_status":"closed","sticky":false,"template":"","format":"standard","meta":{"footnotes":"","jetpack_publicize_message":"","jetpack_publicize_feature_enabled":true,"jetpack_social_post_already_shared":true,"jetpack_social_options":{"image_generator_settings":{"template":"highway","enabled":false},"version":2}},"categories":[3],"tags":[],"class_list":["post-27979","post","type-post","status-publish","format-standard","has-post-thumbnail","hentry","category-sociedad"],"jetpack_publicize_connections":[],"_links":{"self":[{"href":"https:\/\/diariorepublica.com.ar\/web\/index.php\/wp-json\/wp\/v2\/posts\/27979"}],"collection":[{"href":"https:\/\/diariorepublica.com.ar\/web\/index.php\/wp-json\/wp\/v2\/posts"}],"about":[{"href":"https:\/\/diariorepublica.com.ar\/web\/index.php\/wp-json\/wp\/v2\/types\/post"}],"author":[{"embeddable":true,"href":"https:\/\/diariorepublica.com.ar\/web\/index.php\/wp-json\/wp\/v2\/users\/1"}],"replies":[{"embeddable":true,"href":"https:\/\/diariorepublica.com.ar\/web\/index.php\/wp-json\/wp\/v2\/comments?post=27979"}],"version-history":[{"count":1,"href":"https:\/\/diariorepublica.com.ar\/web\/index.php\/wp-json\/wp\/v2\/posts\/27979\/revisions"}],"predecessor-version":[{"id":27981,"href":"https:\/\/diariorepublica.com.ar\/web\/index.php\/wp-json\/wp\/v2\/posts\/27979\/revisions\/27981"}],"wp:featuredmedia":[{"embeddable":true,"href":"https:\/\/diariorepublica.com.ar\/web\/index.php\/wp-json\/wp\/v2\/media\/27980"}],"wp:attachment":[{"href":"https:\/\/diariorepublica.com.ar\/web\/index.php\/wp-json\/wp\/v2\/media?parent=27979"}],"wp:term":[{"taxonomy":"category","embeddable":true,"href":"https:\/\/diariorepublica.com.ar\/web\/index.php\/wp-json\/wp\/v2\/categories?post=27979"},{"taxonomy":"post_tag","embeddable":true,"href":"https:\/\/diariorepublica.com.ar\/web\/index.php\/wp-json\/wp\/v2\/tags?post=27979"}],"curies":[{"name":"wp","href":"https:\/\/api.w.org\/{rel}","templated":true}]}}