{"id":2798,"date":"2023-05-16T07:32:27","date_gmt":"2023-05-16T10:32:27","guid":{"rendered":"https:\/\/diariorepublica.com.ar\/web\/?p=2798"},"modified":"2023-05-16T07:32:28","modified_gmt":"2023-05-16T10:32:28","slug":"la-tarifa-social-de-energia-alcanzara-al-doble-de-usuarios-con-el-nuevo-empadronamiento","status":"publish","type":"post","link":"https:\/\/diariorepublica.com.ar\/web\/index.php\/sociedad\/2023\/05\/16\/la-tarifa-social-de-energia-alcanzara-al-doble-de-usuarios-con-el-nuevo-empadronamiento\/","title":{"rendered":"La Tarifa Social de energ\u00eda alcanzar\u00e1 al doble de usuarios con el nuevo empadronamiento"},"content":{"rendered":"<p>Este lunes el Gobierno Provincial comunic\u00f3 que se abrir\u00e1n las inscripciones para acceder a la Tarifa Social, que subsidia el 50% del cargo fijo de la factura de energ\u00eda y el 100% de los primeros 400 kwh bimestrales (200 kwh mensuales). Con el nuevo empadronamiento, se duplicar\u00e1 el n\u00famero de usuarios que reciben el beneficio.<\/p>\n<p>A trav\u00e9s de conferencia de prensa, que encabez\u00f3 el gobernador Ra\u00fal Jalil, el vicegobernador Rub\u00e9n Dusso y el ministro de Agua, Energ\u00eda y Medio Ambiente, Lucas Zampieri, se inform\u00f3 sobre las acciones del Estado Provincial para mitigar el impacto de las tarifas de energ\u00eda de los usuarios m\u00e1s vulnerables.<\/p>\n<p>En este marco, se explic\u00f3 que el mi\u00e9rcoles se abrir\u00e1n las inscripciones en la p\u00e1gina\u00a0<a href=\"http:\/\/www.ecsapem.com.ar\/\" target=\"_blank\" rel=\"noopener\" data-saferedirecturl=\"https:\/\/www.google.com\/url?q=http:\/\/www.ecsapem.com.ar&amp;source=gmail&amp;ust=1684267052333000&amp;usg=AOvVaw0BSpA__ie5baiKOOHhkwlO\">www.ecsapem.com.ar<\/a>\u00a0para acceder al beneficio que subsidia el 100% de los primeros 400 kwh bimestrales o los 200 kwh mensuales, m\u00e1s el 50% del cargo fijo de la factura de energ\u00eda. Asimismo, indicaron que si el usuario supera los 1000 kwh bimestrales se suspende el beneficio.<\/p>\n<p>El\u00a0<strong>gobernador Ra\u00fal Jalil<\/strong>\u00a0destac\u00f3 el lanzamiento de este nuevo empadronamiento de Tarifa de Inter\u00e9s Social. \u201cEste ser\u00e1 un gran paso porque 26.000 familias, seg\u00fan nuestros c\u00e1lculos, podr\u00e1n acceder a este beneficio y tener un respiro en el pago de las facturas de energ\u00eda. Vamos a trabajar con los intendentes para avanzar con el beneficio en el interior tambi\u00e9n\u201d, afirm\u00f3 el mandatario.<\/p>\n<p>El\u00a0<strong>ministro Lucas Zampieri<\/strong>\u00a0coment\u00f3 que los pedidos de Tarifa Social se recibir\u00e1n a trav\u00e9s de la p\u00e1gina web de la empresa de energ\u00eda, pero tambi\u00e9n de modo presencial en todas las oficinas de la EC Sapem en la provincia. \u201cEl beneficio de la Tarifa Social para cada usuario por factura es cerca de $2.700 por factura, lo que implicar\u00eda una inversi\u00f3n del Estado Provincial de aproximadamente $70 millones mensuales para asistir a estos sectores m\u00e1s vulnerables\u201d.<\/p>\n<p>El empadronamiento tendr\u00e1 un per\u00edodo de inscripci\u00f3n de 60 d\u00edas a partir de este mi\u00e9rcoles 17 de mayo, y desde la empresa de energ\u00eda estiman que la medida alcanzar\u00e1 a m\u00e1s de 26.000 usuarios. Actualmente, cerca de 13.000 usuarios perciben el beneficio de la tarifa social.<\/p>\n<p><strong>Marcela Molina<\/strong>, gerente comercial de EC Sapem, afirm\u00f3 que \u201cesta es una iniciativa del Ejecutivo provincial para poder acompa\u00f1ar a los usuarios que m\u00e1s necesitan para solventar su tarifa de energ\u00eda ante los constantes aumentos del precio mayorista nacional\u201d.<\/p>\n<p>Molina tambi\u00e9n particip\u00f3 de la conferencia junto al vicepresidente de EC Sapem, H\u00e9ctor B\u00f3scolo, y Mar\u00eda In\u00e9s Reartes, jefa de Atenci\u00f3n al P\u00fablico de la empresa.<\/p>\n<p><strong>\u00bfD\u00f3nde inscribirse?<\/strong><\/p>\n<p>La inscripci\u00f3n se realiza en la p\u00e1gina\u00a0<a href=\"http:\/\/www.ecsapem.com.ar\/\" target=\"_blank\" rel=\"noopener\" data-saferedirecturl=\"https:\/\/www.google.com\/url?q=http:\/\/www.ecsapem.com.ar&amp;source=gmail&amp;ust=1684267052333000&amp;usg=AOvVaw0BSpA__ie5baiKOOHhkwlO\">www.ecsapem.com.ar<\/a>, empadronamiento 2023 y completando el formulario con los datos y archivos solicitados. Tambi\u00e9n puede realizarse la inscripci\u00f3n en las oficinas de la distribuidora. Completado el formulario recibir\u00e1 un correo electr\u00f3nico con la aceptaci\u00f3n de la solicitud o con la evaluaci\u00f3n para determinar la correspondencia o no del beneficio.<\/p>\n<p>Quienes pueden acceder a este beneficio son los titulares del servicio de energ\u00eda, cuyo \u00fanico suministro sea de exclusivo uso residencial. En este grupo se engloban los jubilados y pensionados, personal de trabajo dom\u00e9stico, grupos familiares con ingresos menores a dos salarios m\u00ednimos, beneficiarios de planes sociales, monotributo social, entre otros.<\/p>\n<p>Los requisitos son no poseer actividad comercial, no registrar m\u00e1s de un suministro a su nombre, no registrar deuda con la distribuidora, no registrar actas de fraude con la distribuidora.<\/p>\n<p>La documentaci\u00f3n a presentar es el DNI del titular del servicio postulante al beneficio, recibo de sueldo de la jubilaci\u00f3n, pensi\u00f3n o el beneficio correspondiente, certificado de convivencia e ingreso bruto total.<\/p>\n","protected":false},"excerpt":{"rendered":"<p>Este lunes el Gobierno Provincial comunic\u00f3 que se abrir\u00e1n las inscripciones para acceder a la Tarifa Social, que subsidia el<\/p>\n","protected":false},"author":1,"featured_media":2799,"comment_status":"closed","ping_status":"closed","sticky":false,"template":"","format":"standard","meta":{"footnotes":"","jetpack_publicize_message":"","jetpack_publicize_feature_enabled":true,"jetpack_social_post_already_shared":false,"jetpack_social_options":{"image_generator_settings":{"template":"highway","enabled":false},"version":2}},"categories":[3],"tags":[],"class_list":["post-2798","post","type-post","status-publish","format-standard","has-post-thumbnail","hentry","category-sociedad"],"jetpack_publicize_connections":[],"_links":{"self":[{"href":"https:\/\/diariorepublica.com.ar\/web\/index.php\/wp-json\/wp\/v2\/posts\/2798"}],"collection":[{"href":"https:\/\/diariorepublica.com.ar\/web\/index.php\/wp-json\/wp\/v2\/posts"}],"about":[{"href":"https:\/\/diariorepublica.com.ar\/web\/index.php\/wp-json\/wp\/v2\/types\/post"}],"author":[{"embeddable":true,"href":"https:\/\/diariorepublica.com.ar\/web\/index.php\/wp-json\/wp\/v2\/users\/1"}],"replies":[{"embeddable":true,"href":"https:\/\/diariorepublica.com.ar\/web\/index.php\/wp-json\/wp\/v2\/comments?post=2798"}],"version-history":[{"count":1,"href":"https:\/\/diariorepublica.com.ar\/web\/index.php\/wp-json\/wp\/v2\/posts\/2798\/revisions"}],"predecessor-version":[{"id":2800,"href":"https:\/\/diariorepublica.com.ar\/web\/index.php\/wp-json\/wp\/v2\/posts\/2798\/revisions\/2800"}],"wp:featuredmedia":[{"embeddable":true,"href":"https:\/\/diariorepublica.com.ar\/web\/index.php\/wp-json\/wp\/v2\/media\/2799"}],"wp:attachment":[{"href":"https:\/\/diariorepublica.com.ar\/web\/index.php\/wp-json\/wp\/v2\/media?parent=2798"}],"wp:term":[{"taxonomy":"category","embeddable":true,"href":"https:\/\/diariorepublica.com.ar\/web\/index.php\/wp-json\/wp\/v2\/categories?post=2798"},{"taxonomy":"post_tag","embeddable":true,"href":"https:\/\/diariorepublica.com.ar\/web\/index.php\/wp-json\/wp\/v2\/tags?post=2798"}],"curies":[{"name":"wp","href":"https:\/\/api.w.org\/{rel}","templated":true}]}}